{"id":165486,"date":"2023-08-06T18:07:53","date_gmt":"2023-08-06T16:07:53","guid":{"rendered":"https:\/\/www.messinaoggi.it\/website\/2023\/08\/06\/van-der-poel-si-laurea-campione-del-mondo-a-glasgow\/"},"modified":"2023-08-06T18:07:53","modified_gmt":"2023-08-06T16:07:53","slug":"van-der-poel-si-laurea-campione-del-mondo-a-glasgow","status":"publish","type":"post","link":"https:\/\/www.messinaoggi.it\/website\/2023\/08\/06\/van-der-poel-si-laurea-campione-del-mondo-a-glasgow\/","title":{"rendered":"Van der Poel si laurea campione del mondo a Glasgow"},"content":{"rendered":"<div>GLASGOW (SCOZIA) (ITALPRESS) &#8211; Mathieu van der Poel \u00e8 il nuovo campione del mondo di ciclismo su strada. Il 28enne olandese ha trionfato sulle strade bagnate di Glasgow in solitaria, con un&#8217;azione personale iniziata a circa 23 chilometri dal traguardo. Nonostante la scivolata prima dell&#8217;ultimo giro, il ciclista dell&#8217;Alpecin-Deceuninck, che nell&#8217;albo d&#8217;oro succede al belga Remco Evenepoel, ha conquistato il suo primo titolo mondiale elite dopo il successo nella categoria juniores nel 2013 a Firenze e i cinque titoli iridati nel ciclocross: in seconda posizione Wout Van Aert (Belgio) a chiudere il podio Tadej Pogacar (Slovenia), il quale ha anticipato Mads Pedersen nella volata a due per la medaglia di bronzo. Sul circuito cittadino &#8211; dieci giri complessivi dopo i 120 chilometri da Edimburgo a Glasgow &#8211; \u00e8 successo praticamente di tutto, con scatti e azioni personali sin dall&#8217;inizio della gara. Buona prova da parte degli azzurri, con Alberto Bettiol che ha cercato la fuga a circa 50 chilometri dal traguardo: l&#8217;azzurro non \u00e8 per\u00f2 riuscito ad anticipare i propri avversari facendosi riprendere proprio dallo scatto dell&#8217;Oranje. Giornata sfortunata per Matteo Trentin: a circa 90 chilometri dalla conclusione il corridore dell&#8217;UAE Emirates, quando si trovava nel gruppetto dei migliori, \u00e8 stato costretto al ritiro a causa di una caduta sulle transenne. La  gara \u00e8 stata segnata anche dall&#8217;interruzione a 190 chilometri dal traguardo, quando il gruppo \u00e8 stato fermato dalla direzione di gara a causa della presenza di manifestanti sulla strada: degli attivisti del gruppo ecologista &#8216;This Is Rigged&#8217; si sono incollati alla strada nei pressi di Carron Valley, rendendo impossibile il passaggio dei mezzi. Le cinque persone sono state poi arrestate dalla polizia scozzese. <br \/>&#8211; foto LivePhotoSport &#8211;<br \/>(ITALPRESS).<\/div>\n<div id=\"div-gpt-ad-Messinaoggi.it-DSK-300x250-corpoart\" style=\"text-align:center;margin:0 auto;\"><\/div><\/p><div id=\"videoincontent\" style=\"clear:both\";><\/div>","protected":false},"excerpt":{"rendered":"<p>GLASGOW (SCOZIA) (ITALPRESS) &#8211; Mathieu van der Poel \u00e8 il nuovo campione del mondo di ciclismo su strada. Il 28enne olandese ha trionfato sulle strade bagnate di Glasgow in solitaria, con un&#8217;azione personale iniziata a circa 23 chilometri dal traguardo. Nonostante la scivolata prima dell&#8217;ultimo giro, il ciclista dell&#8217;Alpecin-Deceuninck, che nell&#8217;albo d&#8217;oro succede al belga [&hellip;]<\/p>\n","protected":false},"author":18,"featured_media":0,"comment_status":"closed","ping_status":"closed","sticky":false,"template":"","format":"standard","meta":{"ub_ctt_via":"","_mi_skip_tracking":false},"categories":[446],"tags":[783],"featured_image_src":null,"author_info":{"display_name":"Admin","author_link":"https:\/\/www.messinaoggi.it\/website\/author\/admin\/"},"digistream_id":0,"digistream":false,"_links":{"self":[{"href":"https:\/\/www.messinaoggi.it\/website\/wp-json\/wp\/v2\/posts\/165486"}],"collection":[{"href":"https:\/\/www.messinaoggi.it\/website\/wp-json\/wp\/v2\/posts"}],"about":[{"href":"https:\/\/www.messinaoggi.it\/website\/wp-json\/wp\/v2\/types\/post"}],"author":[{"embeddable":true,"href":"https:\/\/www.messinaoggi.it\/website\/wp-json\/wp\/v2\/users\/18"}],"replies":[{"embeddable":true,"href":"https:\/\/www.messinaoggi.it\/website\/wp-json\/wp\/v2\/comments?post=165486"}],"version-history":[{"count":0,"href":"https:\/\/www.messinaoggi.it\/website\/wp-json\/wp\/v2\/posts\/165486\/revisions"}],"wp:attachment":[{"href":"https:\/\/www.messinaoggi.it\/website\/wp-json\/wp\/v2\/media?parent=165486"}],"wp:term":[{"taxonomy":"category","embeddable":true,"href":"https:\/\/www.messinaoggi.it\/website\/wp-json\/wp\/v2\/categories?post=165486"},{"taxonomy":"post_tag","embeddable":true,"href":"https:\/\/www.messinaoggi.it\/website\/wp-json\/wp\/v2\/tags?post=165486"}],"curies":[{"name":"wp","href":"https:\/\/api.w.org\/{rel}","templated":true}]}}