{"id":165472,"date":"2023-08-06T13:07:54","date_gmt":"2023-08-06T11:07:54","guid":{"rendered":"https:\/\/www.messinaoggi.it\/website\/2023\/08\/06\/musumeci-dal-governo-pene-piu-dure-per-i-piromani\/"},"modified":"2023-08-06T13:07:54","modified_gmt":"2023-08-06T11:07:54","slug":"musumeci-dal-governo-pene-piu-dure-per-i-piromani","status":"publish","type":"post","link":"https:\/\/www.messinaoggi.it\/website\/2023\/08\/06\/musumeci-dal-governo-pene-piu-dure-per-i-piromani\/","title":{"rendered":"Musumeci \u201cDal governo pene pi\u00f9 dure per i piromani\u201d"},"content":{"rendered":"<div>ROMA (ITALPRESS) &#8211; &#8220;Come avevo gi\u00e0 anticipato nella informativa al parlamento, il governo intende aumentare le pene a carico degli autori di incendi boschivi. E&#8217; quanto prevede la bozza di Dl all&#8217;esame del consiglio dei ministri, che modifica l&#8217;articolo 423-bis del codice penale. Aumentato da quattro a sei anni il minimo edittale per chi causa un incendio in &#8220;boschi, selve o foreste ovvero su vivai forestali destinati al rimboschimento, propri o altrui&#8221;&#8221;. Lo dichiara il ministro per la Protezione civile e le Politiche del mare Nello Musumeci che aggiunge:<br \/>&#8220;Se l&#8217;incendio \u00e8 di natura colposa la pena minima passa da uno a due anni di reclusione. Infine la bozza prevede che la pena &#8220;\u00e8 aumentata da un terzo alla met\u00e0 quando il fatto \u00e8 commesso al fine di trarne profitto per s\u00e8 o per altri o con abuso dei poteri o con violazione dei doveri inerenti all&#8217;esecuzione di incarichi o allo svolgimento di servizi nell&#8217;ambito della prevenzione e della lotta attiva contro gli incendi boschivi&#8221;. Ringrazio il collega Carlo Nordio per avere da subito condiviso l&#8217;esigenza di modificare la norma. Certo, non \u00e8 la soluzione del grave problema: ma l&#8217;inasprimento della pena e la sua effettivit\u00e0 serviranno a scoraggiare chi finora l&#8217;ha fatta franca! Anche perch\u00e8, com&#8217;\u00e8 noto, la maggior parte degli incendi ha una natura dolosa o \u00e8 legata alla mancata prevenzione, quindi da negligenza&#8221;.<br \/>-foto Agenzia Fotogramma &#8211; <br \/>(ITALPRESS).<\/div>\n<div id=\"div-gpt-ad-Messinaoggi.it-DSK-300x250-corpoart\" style=\"text-align:center;margin:0 auto;\"><\/div><\/p><div id=\"videoincontent\" style=\"clear:both\";><\/div>","protected":false},"excerpt":{"rendered":"<p>ROMA (ITALPRESS) &#8211; &#8220;Come avevo gi\u00e0 anticipato nella informativa al parlamento, il governo intende aumentare le pene a carico degli autori di incendi boschivi. E&#8217; quanto prevede la bozza di Dl all&#8217;esame del consiglio dei ministri, che modifica l&#8217;articolo 423-bis del codice penale. Aumentato da quattro a sei anni il minimo edittale per chi causa [&hellip;]<\/p>\n","protected":false},"author":18,"featured_media":165473,"comment_status":"closed","ping_status":"closed","sticky":false,"template":"","format":"standard","meta":{"ub_ctt_via":"","_mi_skip_tracking":false},"categories":[446],"tags":[783],"featured_image_src":"https:\/\/www.messinaoggi.it\/website\/wp-content\/uploads\/2023\/08\/20230806_0150.jpg","author_info":{"display_name":"Admin","author_link":"https:\/\/www.messinaoggi.it\/website\/author\/admin\/"},"digistream_id":0,"digistream":false,"_links":{"self":[{"href":"https:\/\/www.messinaoggi.it\/website\/wp-json\/wp\/v2\/posts\/165472"}],"collection":[{"href":"https:\/\/www.messinaoggi.it\/website\/wp-json\/wp\/v2\/posts"}],"about":[{"href":"https:\/\/www.messinaoggi.it\/website\/wp-json\/wp\/v2\/types\/post"}],"author":[{"embeddable":true,"href":"https:\/\/www.messinaoggi.it\/website\/wp-json\/wp\/v2\/users\/18"}],"replies":[{"embeddable":true,"href":"https:\/\/www.messinaoggi.it\/website\/wp-json\/wp\/v2\/comments?post=165472"}],"version-history":[{"count":0,"href":"https:\/\/www.messinaoggi.it\/website\/wp-json\/wp\/v2\/posts\/165472\/revisions"}],"wp:featuredmedia":[{"embeddable":true,"href":"https:\/\/www.messinaoggi.it\/website\/wp-json\/wp\/v2\/media\/165473"}],"wp:attachment":[{"href":"https:\/\/www.messinaoggi.it\/website\/wp-json\/wp\/v2\/media?parent=165472"}],"wp:term":[{"taxonomy":"category","embeddable":true,"href":"https:\/\/www.messinaoggi.it\/website\/wp-json\/wp\/v2\/categories?post=165472"},{"taxonomy":"post_tag","embeddable":true,"href":"https:\/\/www.messinaoggi.it\/website\/wp-json\/wp\/v2\/tags?post=165472"}],"curies":[{"name":"wp","href":"https:\/\/api.w.org\/{rel}","templated":true}]}}