{"id":165465,"date":"2023-08-06T12:07:52","date_gmt":"2023-08-06T10:07:52","guid":{"rendered":"https:\/\/www.messinaoggi.it\/website\/2023\/08\/06\/papa-il-mondo-ha-bisogno-dei-giovani-la-prossima-gmg-sara-a-seul\/"},"modified":"2023-08-06T12:07:52","modified_gmt":"2023-08-06T10:07:52","slug":"papa-il-mondo-ha-bisogno-dei-giovani-la-prossima-gmg-sara-a-seul","status":"publish","type":"post","link":"https:\/\/www.messinaoggi.it\/website\/2023\/08\/06\/papa-il-mondo-ha-bisogno-dei-giovani-la-prossima-gmg-sara-a-seul\/","title":{"rendered":"Papa \u201cIl mondo ha bisogno dei giovani, la prossima Gmg sar\u00e0 a Seul\u201d"},"content":{"rendered":"<div>LISBONA (ITALPRESS) &#8211; La prossima Giornata Mondiale della Giovent\u00f9 si svolger\u00e0 a Seul. Lo ha annunciato Papa Francesco a Lisbona nella giornata conclusiva della Giornata mondiale della giovent\u00f9. &#8220;Pensando a questo continente provo un grande dolore per la cara Ucraina che continua a soffrire molto&#8221;, ha detto il Pontefice.  I giovani di tutto il mondo sono stati invitati prima dal Papa prima a Roma dove nel 2025 si celebrer\u00e0 il Giubileo dei giovani. <br \/>Nell&#8217;omelia pronunciata durante la messa il Papa ha invitato i giovani a non avere paura dello loro fragilit\u00e0 perch\u00e8 &#8220;il mondo ha bisogno di voi&#8221;. &#8220;Anche noi abbiamo bisogno di qualche lampo di luce per affrontare il buio della notte &#8211; ha aggiunto Papa Francesco rivolgendosi ai giovani &#8211; le sfide della vita, le paure che ci inquietano, l&#8217;oscurit\u00e0 che spesso vediamo attorno a noi, tante sconfitte quotidiane. Vorrei dirvi una cosa: non diventiamo luminosi quando ci mettiamo sotto i riflettori, quando esibiamo un&#8217;immagine perfetta, di qualcuno che produce molto bene, fa tanto profitto. No. Possiamo essere forti e vincenti ma non luminosi. Diventiamo luminosi accogliendo Ges\u00f9, impariamo ad amare come Lui, perch\u00e8 questa \u00e8 la vera bellezza che risplende e ci porta ad essere un&#8217;opera di amore&#8221;. &#8220;Con tutta la nostra buona volont\u00e0 possiamo intraprendere tutti i cammini che vogliamo che sembrano cammini di amore ma in realt\u00e0 sono cammini di egoismo&#8221;, ha aggiunto. <br \/>-foto Agenzia Fotogramma &#8211;<br \/>(ITALPRESS).<\/div>\n<div id=\"div-gpt-ad-Messinaoggi.it-DSK-300x250-corpoart\" style=\"text-align:center;margin:0 auto;\"><\/div><\/p><div id=\"videoincontent\" style=\"clear:both\";><\/div>","protected":false},"excerpt":{"rendered":"<p>LISBONA (ITALPRESS) &#8211; La prossima Giornata Mondiale della Giovent\u00f9 si svolger\u00e0 a Seul. Lo ha annunciato Papa Francesco a Lisbona nella giornata conclusiva della Giornata mondiale della giovent\u00f9. &#8220;Pensando a questo continente provo un grande dolore per la cara Ucraina che continua a soffrire molto&#8221;, ha detto il Pontefice. I giovani di tutto il mondo [&hellip;]<\/p>\n","protected":false},"author":18,"featured_media":165466,"comment_status":"closed","ping_status":"closed","sticky":false,"template":"","format":"standard","meta":{"ub_ctt_via":"","_mi_skip_tracking":false},"categories":[446],"tags":[783],"featured_image_src":"https:\/\/www.messinaoggi.it\/website\/wp-content\/uploads\/2023\/08\/20230806_0130.jpg","author_info":{"display_name":"Admin","author_link":"https:\/\/www.messinaoggi.it\/website\/author\/admin\/"},"digistream_id":0,"digistream":false,"_links":{"self":[{"href":"https:\/\/www.messinaoggi.it\/website\/wp-json\/wp\/v2\/posts\/165465"}],"collection":[{"href":"https:\/\/www.messinaoggi.it\/website\/wp-json\/wp\/v2\/posts"}],"about":[{"href":"https:\/\/www.messinaoggi.it\/website\/wp-json\/wp\/v2\/types\/post"}],"author":[{"embeddable":true,"href":"https:\/\/www.messinaoggi.it\/website\/wp-json\/wp\/v2\/users\/18"}],"replies":[{"embeddable":true,"href":"https:\/\/www.messinaoggi.it\/website\/wp-json\/wp\/v2\/comments?post=165465"}],"version-history":[{"count":0,"href":"https:\/\/www.messinaoggi.it\/website\/wp-json\/wp\/v2\/posts\/165465\/revisions"}],"wp:featuredmedia":[{"embeddable":true,"href":"https:\/\/www.messinaoggi.it\/website\/wp-json\/wp\/v2\/media\/165466"}],"wp:attachment":[{"href":"https:\/\/www.messinaoggi.it\/website\/wp-json\/wp\/v2\/media?parent=165465"}],"wp:term":[{"taxonomy":"category","embeddable":true,"href":"https:\/\/www.messinaoggi.it\/website\/wp-json\/wp\/v2\/categories?post=165465"},{"taxonomy":"post_tag","embeddable":true,"href":"https:\/\/www.messinaoggi.it\/website\/wp-json\/wp\/v2\/tags?post=165465"}],"curies":[{"name":"wp","href":"https:\/\/api.w.org\/{rel}","templated":true}]}}