{"id":16543,"date":"2018-03-07T17:36:33","date_gmt":"2018-03-07T16:36:33","guid":{"rendered":"http:\/\/www.messinaoggi.it\/website\/?p=16543"},"modified":"2018-03-07T17:36:33","modified_gmt":"2018-03-07T16:36:33","slug":"piu-linee-e-potenziamento-del-parcheggio-villa-dante-le-proposte-della-iii-circoscrizione-allatm","status":"publish","type":"post","link":"https:\/\/www.messinaoggi.it\/website\/2018\/03\/07\/piu-linee-e-potenziamento-del-parcheggio-villa-dante-le-proposte-della-iii-circoscrizione-allatm\/","title":{"rendered":"Pi\u00f9 linee e potenziamento del parcheggio villa Dante, le proposte della III Circoscrizione all&#039;Atm"},"content":{"rendered":"<p>Potenziare le linee dei bus che servono le zone del rione San Paolo e di Camaro, ma \u00a0soprattutto delle nuove idee per rafforzare il parcheggio di villa Dante. Ecco di cosa si \u00e8 discusso questa mattina, durante l\u2019incontro tra i vertici dell\u2019Atm ed il consiglio della III Circoscrizione, presieduto da Natale Cuc\u00e8 e l\u2019assessore alla Mobilit\u00e0, Gaetano Cacciola. I temi affrontati durante la seduta sono stati diversi; si \u00e8 iniziato con la richiesta di potenziamento di alcune linee bus 32 e la riattivazione della linea 58 per poter servire una parte di abitanti del rione Baglio S. Giovannello rimasti da anni senza linea bus, si \u00a0\u00e8 \u00a0richiesto il ripristino della linea 39 nella parte alta del\u00a0 Rione di San Paolo a Camaro.<br \/>\nQueste richiesta derivano da una serie di delibere esitate dal Consiglio e che necessitano adesso la messa in atto da parte dell\u2019Atm che si \u00e8 resa disponibile a recepire le istanze del Consiglio ,si spera al pi\u00f9 presto si possano vedere risolti i problemi, con la possibilit\u00e0 di servire un alto numero di utenti che necessitano di attenzione da parte delle istituzioni.<br \/>\nViabilit\u00e0 e moderatori di velocit\u00e0 sono stati gli argomenti trattati in seguito anche qui diverse delibere esitate dal Consiglio sono state consegnate all\u2019Ass. Cacciola, problemi di viabilit\u00e0 sono stati affrontati relativamente a Piazza Fazio a Camaro Sup. dove regna il caos ed il rischio incidenti \u00e8 sempre un problema.Per ultimo alla presenza di alcuni delegati dell\u2019Irccs\u00a0 Bonino Pulejo si \u00e8 parlato del potenziamento dell\u2019uso del parcheggio di Villa Dante a favore del personale e dell\u2019utenza del ospedale Piemonte.<br \/>\nUn protocollo d\u2019intesa potrebbe prevedere degli abbonamenti agevolati e biglietti integrati che permettono di pagare con un&#8217;unica soluzione parcheggio e bus, \u00a0per i frequentatori dell\u2019ospedale, e la possibilit\u00e0 con una navetta di poter parcheggiare all\u2019interno del parcheggio e giungere all\u2019ospedale in brevissimo tempo. Questa ipotesi\u00a0 permette \u00a0di poter utilizzare la struttura al pieno delle possibilit\u00e0 visto che tra alcuni giorni l\u2019ospedale implementer\u00e0 alcuni laboratori d\u2019esami, e l\u2019utenza che si recher\u00e0 in ospedale aumenter\u00e0 in maniera esponenziale. La proposta che viene fatta dal Consiglio di concerto con l\u2019Irccs avrebbe diversi aspetti positivi: diminuzione del traffico veicolare nel viale Europa, maggiore\u00a0 utilizzo del parcheggio Dante \u00a0e maggiore utlizzo del tpl. I presenti considerando la\u00a0 proposta interessante hanno deciso di aggiornarsi ad un tavolo tecnico per studiare tutte le soluzione e risolvere la questione parcheggio Villa Dante una volta per tutte.<br \/>\n <div id=\"div-gpt-ad-Messinaoggi.it-DSK-300x250-corpoart\" style=\"text-align:center;margin:0 auto;\"><\/div><\/p>\n<div id=\"videoincontent\" style=\"clear:both\";><\/div>","protected":false},"excerpt":{"rendered":"<p>Potenziare le linee dei bus che servono le zone del rione San Paolo e di Camaro, ma \u00a0soprattutto delle nuove idee per rafforzare il parcheggio di villa Dante. Ecco di cosa si \u00e8 discusso questa mattina, durante l\u2019incontro tra i vertici dell\u2019Atm ed il consiglio della III Circoscrizione, presieduto da Natale Cuc\u00e8 e l\u2019assessore alla [&hellip;]<\/p>\n","protected":false},"author":2,"featured_media":16544,"comment_status":"closed","ping_status":"open","sticky":false,"template":"","format":"standard","meta":{"ub_ctt_via":"","_mi_skip_tracking":false},"categories":[4],"tags":[],"featured_image_src":"https:\/\/www.messinaoggi.it\/website\/wp-content\/uploads\/2018\/03\/IMG_20180306_125637-1.jpg","author_info":{"display_name":"Redazione","author_link":"https:\/\/www.messinaoggi.it\/website\/author\/redazione\/"},"digistream_id":0,"digistream":false,"_links":{"self":[{"href":"https:\/\/www.messinaoggi.it\/website\/wp-json\/wp\/v2\/posts\/16543"}],"collection":[{"href":"https:\/\/www.messinaoggi.it\/website\/wp-json\/wp\/v2\/posts"}],"about":[{"href":"https:\/\/www.messinaoggi.it\/website\/wp-json\/wp\/v2\/types\/post"}],"author":[{"embeddable":true,"href":"https:\/\/www.messinaoggi.it\/website\/wp-json\/wp\/v2\/users\/2"}],"replies":[{"embeddable":true,"href":"https:\/\/www.messinaoggi.it\/website\/wp-json\/wp\/v2\/comments?post=16543"}],"version-history":[{"count":0,"href":"https:\/\/www.messinaoggi.it\/website\/wp-json\/wp\/v2\/posts\/16543\/revisions"}],"wp:featuredmedia":[{"embeddable":true,"href":"https:\/\/www.messinaoggi.it\/website\/wp-json\/wp\/v2\/media\/16544"}],"wp:attachment":[{"href":"https:\/\/www.messinaoggi.it\/website\/wp-json\/wp\/v2\/media?parent=16543"}],"wp:term":[{"taxonomy":"category","embeddable":true,"href":"https:\/\/www.messinaoggi.it\/website\/wp-json\/wp\/v2\/categories?post=16543"},{"taxonomy":"post_tag","embeddable":true,"href":"https:\/\/www.messinaoggi.it\/website\/wp-json\/wp\/v2\/tags?post=16543"}],"curies":[{"name":"wp","href":"https:\/\/api.w.org\/{rel}","templated":true}]}}