{"id":165404,"date":"2023-08-05T09:34:23","date_gmt":"2023-08-05T07:34:23","guid":{"rendered":"http:\/\/www.messinaoggi.it\/website\/?p=165404"},"modified":"2023-08-05T09:34:24","modified_gmt":"2023-08-05T07:34:24","slug":"germana-gravissimi-disagi-da-chiusura-inps","status":"publish","type":"post","link":"https:\/\/www.messinaoggi.it\/website\/2023\/08\/05\/germana-gravissimi-disagi-da-chiusura-inps\/","title":{"rendered":"German\u00e1: &#8220;gravissimi disagi da chiusura Inps&#8221;"},"content":{"rendered":"\n<p>&#8220;Migliaia di cittadini della provincia di Messina subiranno gravissimi disagi dalla decisione della Direzione regionale Inps di chiudere la sede di Barcellona Pozzo di Gotto. Una soppressione che priver\u00e0 di un presidio di servizi fondamentale i residenti di 12 comuni della zona tirrenica e che colpir\u00e0 soprattutto le fasce pi\u00f9 deboli della popolazione. E\u2019 impensabile penalizzare un\u2019utenza cos\u00ec vasta tagliando servizi senza alcun tipo di coinvolgimento con gli Enti locali e le istituzioni che sono pronte a collaborare per trovare soluzioni organizzative e logistiche. Ringrazio i consiglieri comunali di Barcellona Pozzo di Gotto Antonella Lepro e Angelo Paride Pino per aver dato voce al grido d\u2019allarme di migliaia di persone, che dalla chiusura della sede Inps patiranno conseguenze in termini di disagi e difficolt\u00e0 di accesso ai servizi. Mi far\u00f2 portavoce della protesta e delle istanze di tutto il territorio fortemente penalizzato da una decisione che denota scarsa attenzione ai bisogni reali delle persone, in particolar modo, quelle pi\u00f9 fragili e delle aree pi\u00f9 periferiche&#8221;. A dirlo \u00e8 il Senatore messinese della Lega <strong>Nino German\u00e1<\/strong>.<div id=\"div-gpt-ad-Messinaoggi.it-DSK-300x250-corpoart\" style=\"text-align:center;margin:0 auto;\"><\/div><\/p>\n<div id=\"videoincontent\" style=\"clear:both\";><\/div>","protected":false},"excerpt":{"rendered":"<p>&#8220;Migliaia di cittadini della provincia di Messina subiranno gravissimi disagi dalla decisione della Direzione regionale Inps di chiudere la sede di Barcellona Pozzo di Gotto. Una soppressione che priver\u00e0 di un presidio di servizi fondamentale i residenti di 12 comuni della zona tirrenica e che colpir\u00e0 soprattutto le fasce pi\u00f9 deboli della popolazione. E\u2019 impensabile [&hellip;]<\/p>\n","protected":false},"author":15,"featured_media":158816,"comment_status":"open","ping_status":"open","sticky":false,"template":"","format":"standard","meta":{"ub_ctt_via":"","_mi_skip_tracking":false},"categories":[4],"tags":[1633,2651,2854,1082],"featured_image_src":"https:\/\/www.messinaoggi.it\/website\/wp-content\/uploads\/2023\/06\/0-1-3.jpg","author_info":{"display_name":"red.me","author_link":"https:\/\/www.messinaoggi.it\/website\/author\/red-me\/"},"digistream_id":0,"digistream":false,"_links":{"self":[{"href":"https:\/\/www.messinaoggi.it\/website\/wp-json\/wp\/v2\/posts\/165404"}],"collection":[{"href":"https:\/\/www.messinaoggi.it\/website\/wp-json\/wp\/v2\/posts"}],"about":[{"href":"https:\/\/www.messinaoggi.it\/website\/wp-json\/wp\/v2\/types\/post"}],"author":[{"embeddable":true,"href":"https:\/\/www.messinaoggi.it\/website\/wp-json\/wp\/v2\/users\/15"}],"replies":[{"embeddable":true,"href":"https:\/\/www.messinaoggi.it\/website\/wp-json\/wp\/v2\/comments?post=165404"}],"version-history":[{"count":1,"href":"https:\/\/www.messinaoggi.it\/website\/wp-json\/wp\/v2\/posts\/165404\/revisions"}],"predecessor-version":[{"id":165405,"href":"https:\/\/www.messinaoggi.it\/website\/wp-json\/wp\/v2\/posts\/165404\/revisions\/165405"}],"wp:featuredmedia":[{"embeddable":true,"href":"https:\/\/www.messinaoggi.it\/website\/wp-json\/wp\/v2\/media\/158816"}],"wp:attachment":[{"href":"https:\/\/www.messinaoggi.it\/website\/wp-json\/wp\/v2\/media?parent=165404"}],"wp:term":[{"taxonomy":"category","embeddable":true,"href":"https:\/\/www.messinaoggi.it\/website\/wp-json\/wp\/v2\/categories?post=165404"},{"taxonomy":"post_tag","embeddable":true,"href":"https:\/\/www.messinaoggi.it\/website\/wp-json\/wp\/v2\/tags?post=165404"}],"curies":[{"name":"wp","href":"https:\/\/api.w.org\/{rel}","templated":true}]}}