{"id":16537,"date":"2018-03-07T17:07:23","date_gmt":"2018-03-07T16:07:23","guid":{"rendered":"http:\/\/www.messinaoggi.it\/website\/?p=16537"},"modified":"2018-03-07T17:07:23","modified_gmt":"2018-03-07T16:07:23","slug":"teatro-vittorio-emanuele-presenta-passaggi-il-vernissage-di-pasquale-marino","status":"publish","type":"post","link":"https:\/\/www.messinaoggi.it\/website\/2018\/03\/07\/teatro-vittorio-emanuele-presenta-passaggi-il-vernissage-di-pasquale-marino\/","title":{"rendered":"Teatro Vittorio Emanuele presenta Passaggi, il vernissage di Pasquale Marino"},"content":{"rendered":"<p>Nell&#8217;ambito del progetto &#8220;Opera al Centro&#8221; promosso dalla Sezione Arti Visive del Teatro Vittorio Emanuele di Messina, \u00a0venerd\u00ec, \u00a0alle ore 18.00, \u00a0sar\u00e0 inaugurata il vernissage dell&#8217;artista Pasquale Marino dal titolo \u201cPassaggi\u201d. La mostra \u00a0si caratterizza per essere un viaggio a ritroso nella memoria e nella storia pittorica dell&#8217;artista, \u00a0capace di trasformare e trasformarsi di fronte alla realt\u00e0 rappresentata.<br \/>\nLe sue opere abbracciano il campo dell&#8217;arte nel suo complesso, comprendendo gli aspetti della pittura, scultura, grafica, scenografia e restauro. Un percorso attraverso portoni chiusi da pesanti chiavistelli o vecchie lamiere che lasciano immaginare un &#8220;oltre&#8221; fatto di ricordi familiari. Presente anche il 1945, anno di nascita dell&#8217;artista a ricordarci che la consapevolezza di s\u00e9 \u00a0\u00e8 un viaggio che inizia alla nostra nascita e che mai ci abbandona.<br \/>\n<img loading=\"lazy\" class=\"alignnone size-medium wp-image-16539\" src=\"http:\/\/www.messinaoggi.it\/website\/wp-content\/uploads\/2018\/03\/pasquale-211x300.jpg\" alt=\"\" width=\"211\" height=\"300\" \/><br \/>\nL&#8217;artista nasce a Reggio Calabria e l\u00ec frequenta l&#8217;accademia di Belle Arti nella scuola di Pittura. Ha \u00a0insegnato al Liceo artistico di Reggio Calabria e all&#8217;istituto d&#8217;arte Basile di Messina e ha prodotto nel suo percorso artistico sia opere pittoriche che scultoree che ha esposto in Italia e all&#8217;estero.<br \/>\nUna mostra sul ricordo, la consapevolezza e l&#8217;esserci attraverso l&#8217;arte.<br \/>\nSaranno presenti all&#8217;inaugurazione il Presidente Luciano Fiorino e il Sovrintendente Egidio Bernava. La Mostra sar\u00e0 visitabile fino a mercoled\u00ec 21 marzo nella fascia oraria dalle 10.00 alle 13.00 e dalle 16.30 alle 19.00 escluso il luned\u00ec.<br \/>\nUn vernissage che parla direttamente all&#8217;anima.<div id=\"div-gpt-ad-Messinaoggi.it-DSK-300x250-corpoart\" style=\"text-align:center;margin:0 auto;\"><\/div><\/p>\n<div id=\"videoincontent\" style=\"clear:both\";><\/div>","protected":false},"excerpt":{"rendered":"<p>Nell&#8217;ambito del progetto &#8220;Opera al Centro&#8221; promosso dalla Sezione Arti Visive del Teatro Vittorio Emanuele di Messina, \u00a0venerd\u00ec, \u00a0alle ore 18.00, \u00a0sar\u00e0 inaugurata il vernissage dell&#8217;artista Pasquale Marino dal titolo \u201cPassaggi\u201d. La mostra \u00a0si caratterizza per essere un viaggio a ritroso nella memoria e nella storia pittorica dell&#8217;artista, \u00a0capace di trasformare e trasformarsi di fronte [&hellip;]<\/p>\n","protected":false},"author":5,"featured_media":16540,"comment_status":"closed","ping_status":"open","sticky":false,"template":"","format":"standard","meta":{"ub_ctt_via":"","_mi_skip_tracking":false},"categories":[16],"tags":[],"featured_image_src":"https:\/\/www.messinaoggi.it\/website\/wp-content\/uploads\/2018\/03\/peperoncini-1.jpg","author_info":{"display_name":"Maria Antonella Saia","author_link":"https:\/\/www.messinaoggi.it\/website\/author\/m-saia\/"},"digistream_id":0,"digistream":false,"_links":{"self":[{"href":"https:\/\/www.messinaoggi.it\/website\/wp-json\/wp\/v2\/posts\/16537"}],"collection":[{"href":"https:\/\/www.messinaoggi.it\/website\/wp-json\/wp\/v2\/posts"}],"about":[{"href":"https:\/\/www.messinaoggi.it\/website\/wp-json\/wp\/v2\/types\/post"}],"author":[{"embeddable":true,"href":"https:\/\/www.messinaoggi.it\/website\/wp-json\/wp\/v2\/users\/5"}],"replies":[{"embeddable":true,"href":"https:\/\/www.messinaoggi.it\/website\/wp-json\/wp\/v2\/comments?post=16537"}],"version-history":[{"count":0,"href":"https:\/\/www.messinaoggi.it\/website\/wp-json\/wp\/v2\/posts\/16537\/revisions"}],"wp:featuredmedia":[{"embeddable":true,"href":"https:\/\/www.messinaoggi.it\/website\/wp-json\/wp\/v2\/media\/16540"}],"wp:attachment":[{"href":"https:\/\/www.messinaoggi.it\/website\/wp-json\/wp\/v2\/media?parent=16537"}],"wp:term":[{"taxonomy":"category","embeddable":true,"href":"https:\/\/www.messinaoggi.it\/website\/wp-json\/wp\/v2\/categories?post=16537"},{"taxonomy":"post_tag","embeddable":true,"href":"https:\/\/www.messinaoggi.it\/website\/wp-json\/wp\/v2\/tags?post=16537"}],"curies":[{"name":"wp","href":"https:\/\/api.w.org\/{rel}","templated":true}]}}