{"id":165329,"date":"2023-08-04T15:32:58","date_gmt":"2023-08-04T13:32:58","guid":{"rendered":"http:\/\/www.messinaoggi.it\/website\/?p=165329"},"modified":"2023-08-04T15:32:59","modified_gmt":"2023-08-04T13:32:59","slug":"reddito-di-cittadinanza-lallarme-di-uil","status":"publish","type":"post","link":"https:\/\/www.messinaoggi.it\/website\/2023\/08\/04\/reddito-di-cittadinanza-lallarme-di-uil\/","title":{"rendered":"Reddito di cittadinanza, l&#8217;allarme di Uil"},"content":{"rendered":"\n<p>\u201cL\u2019abrogazione del reddito di cittadinanza voluta strenuamente dal governo Meloni, alla stregua di un feticcio ideologico, rischia di provocare, anche nel territorio della citt\u00e0 metropolitana di Messina, un pesantissimo salasso sociale dalle conseguenze inimmaginabili. Non c\u2019\u00e8, infatti, bisogno di scomodare i dati Istat relativi allo stato di indigenza o, peggio, di povert\u00e0 assoluta che colpisce la nostra provincia e, pi\u00f9 in generale, il Mezzogiorno ed il Paese, per evidenziare l\u2019assoluta necessit\u00e0 di provvedimenti legislativi finalizzati al concreto sostentamento delle fasce sociali pi\u00f9 sfortunate. Pertanto, la cancellazione del reddito di cittadinanza, misura presente in quasi tutti i paesi europei ed occidentali, appare una decisione profondamente sbagliata che non offre alcuna garanzia sociale per tantissimi cittadini e per un\u2019infinit\u00e0 di famiglie che perderanno questo beneficio. Contestualmente la decisione del governo nazionale non fornisce alcuna prospettiva sul tema delle politiche attive del lavoro. In questo quadro sono enormi e reali i rischi relativi al reclutamento di \u201cmanodopera\u201d disperata da parte della mafia e della criminalit\u00e0 organizzata. Il governo Meloni non pu\u00f2 ignorare il drammatico disagio sociale di una fase caratterizzata dall\u2019inflazione alle stelle e dal carovita senza controllo e, a nostro avviso, deve rapidamente assumere decisioni che portino sostegno concreto a favore dei ceti meno abbienti. Si tratta di un tema di civilt\u00e0 poich\u00e9 si parla della vita, della sopravvivenza e del pane quotidiano di persone che rischiano di essere gli incolpevoli protagonisti di una mattanza sociale dalle proporzioni inaudite\u201d lo ha dichiarato<strong> Ivan Tripodi, <\/strong>segretario generale della UIL Messina.<div id=\"div-gpt-ad-Messinaoggi.it-DSK-300x250-corpoart\" style=\"text-align:center;margin:0 auto;\"><\/div><\/p>\n<div id=\"videoincontent\" style=\"clear:both\";><\/div>","protected":false},"excerpt":{"rendered":"<p>\u201cL\u2019abrogazione del reddito di cittadinanza voluta strenuamente dal governo Meloni, alla stregua di un feticcio ideologico, rischia di provocare, anche nel territorio della citt\u00e0 metropolitana di Messina, un pesantissimo salasso sociale dalle conseguenze inimmaginabili. Non c\u2019\u00e8, infatti, bisogno di scomodare i dati Istat relativi allo stato di indigenza o, peggio, di povert\u00e0 assoluta che colpisce [&hellip;]<\/p>\n","protected":false},"author":15,"featured_media":37521,"comment_status":"open","ping_status":"open","sticky":false,"template":"","format":"standard","meta":{"ub_ctt_via":"","_mi_skip_tracking":false},"categories":[6],"tags":[1058,5930,954,928,1338],"featured_image_src":"https:\/\/www.messinaoggi.it\/website\/wp-content\/uploads\/2019\/10\/72541CA8-9975-4565-AA96-13A5E2552504.jpeg","author_info":{"display_name":"red.me","author_link":"https:\/\/www.messinaoggi.it\/website\/author\/red-me\/"},"digistream_id":0,"digistream":false,"_links":{"self":[{"href":"https:\/\/www.messinaoggi.it\/website\/wp-json\/wp\/v2\/posts\/165329"}],"collection":[{"href":"https:\/\/www.messinaoggi.it\/website\/wp-json\/wp\/v2\/posts"}],"about":[{"href":"https:\/\/www.messinaoggi.it\/website\/wp-json\/wp\/v2\/types\/post"}],"author":[{"embeddable":true,"href":"https:\/\/www.messinaoggi.it\/website\/wp-json\/wp\/v2\/users\/15"}],"replies":[{"embeddable":true,"href":"https:\/\/www.messinaoggi.it\/website\/wp-json\/wp\/v2\/comments?post=165329"}],"version-history":[{"count":1,"href":"https:\/\/www.messinaoggi.it\/website\/wp-json\/wp\/v2\/posts\/165329\/revisions"}],"predecessor-version":[{"id":165332,"href":"https:\/\/www.messinaoggi.it\/website\/wp-json\/wp\/v2\/posts\/165329\/revisions\/165332"}],"wp:featuredmedia":[{"embeddable":true,"href":"https:\/\/www.messinaoggi.it\/website\/wp-json\/wp\/v2\/media\/37521"}],"wp:attachment":[{"href":"https:\/\/www.messinaoggi.it\/website\/wp-json\/wp\/v2\/media?parent=165329"}],"wp:term":[{"taxonomy":"category","embeddable":true,"href":"https:\/\/www.messinaoggi.it\/website\/wp-json\/wp\/v2\/categories?post=165329"},{"taxonomy":"post_tag","embeddable":true,"href":"https:\/\/www.messinaoggi.it\/website\/wp-json\/wp\/v2\/tags?post=165329"}],"curies":[{"name":"wp","href":"https:\/\/api.w.org\/{rel}","templated":true}]}}