{"id":16532,"date":"2018-03-07T12:25:47","date_gmt":"2018-03-07T11:25:47","guid":{"rendered":"http:\/\/www.messinaoggi.it\/website\/?p=16532"},"modified":"2018-03-07T12:25:47","modified_gmt":"2018-03-07T11:25:47","slug":"citta-metropolitana-calanna-si-congeda-da-commissario-non-sbatto-nessuna-porta-lascio-un-ente-risanato","status":"publish","type":"post","link":"https:\/\/www.messinaoggi.it\/website\/2018\/03\/07\/citta-metropolitana-calanna-si-congeda-da-commissario-non-sbatto-nessuna-porta-lascio-un-ente-risanato\/","title":{"rendered":"Citt\u00e0 Metropolitana, Calanna si congeda da commissario: &quot;Non sbatto nessuna porta, lascio un ente risanato&quot;"},"content":{"rendered":"<p style=\"text-align: justify;\">Francesco Calanna si congeda dalla Citt\u00e0 Metropolitana, dopo un commissariamento durato solo una manciata di mesi, ma che ha portato qualche beneficio ad un ente che per qualcuno era ormai prossimo al default.<div id=\"div-gpt-ad-Messinaoggi.it-DSK-300x250-corpoart\" style=\"text-align:center;margin:0 auto;\"><\/div><\/p>\n<p style=\"text-align: justify;\">Le dimissioni sono arrivate nella giornata di luned\u00ec, subito dopo l\u2019esito delle elezioni politiche, nel pieno rispetto di un tacito accordo con il Governatore, Nello Musumeci. Quest\u2019ultimo ha pi\u00f9 volte dichiarato di voler rimandare ogni decisione subito dopo l\u2019esito elettorale, adesso che le urne hanno emesso le proprie sentenze, toccher\u00e0 al Presidente della Regione trarre le proprie valutazioni e pubblicare il decreto con il nome del nuovo commissario.<div id=\"videoincontent\" style=\"clear:both\";><\/div><\/p>\n<p style=\"text-align: justify;\">Calanna intanto fa un passo indietro e ringrazia Musumeci per averlo mantenuto in sella da novembre ad oggi: \u201c<em>Non sto sbattendo nessuna porta, questo mio atto \u00e8 utile e doveroso. Ho rivolto un riverente saluto a Musumeci e al suo Governo, impegnati in un soccorso verso una Sicilia in affanno e per questo meritano rispetto. Il Presidente Musumeci ha detto che durante la campagna elettorale non avrebbe mosso nulla negli enti, un minuto dopo era doveroso da parte mia farmi da parte. Ho rimesso il mio mandato, lui scelga con serenit\u00e0 a chi far guidare Citt\u00e0 Metropolitane e Liberi Consorzi che sono enti necessari e strategici per lo sviluppo del territorio\u201d<\/em>.<\/p>\n<p style=\"text-align: justify;\">Calanna, al momento del suo insediamento, aveva identificato nella salvezza economica dell\u2019ente e nel rafforzamento dei servizi essenziali, scuole e strade in primis, le priorit\u00e0. Calanna reputa raggiunto il proprio obiettivo: \u201c<em>Abbiamo approvato il Preventivo2017, abbiamo evitato il dissesto e gli uffici lavorano al Consuntivo 2017 e il Previsionale 2018, l\u2019ente \u00e8 in sicurezza, ma non basta. Nel Masterplan da 332 milioni di euro abbiamo stabilito quali opere sono realizzabili e quali no, entro il 31 dicembre 2019 le opere vanno contrattualizzate. Abbiamo dato un\u2019accelerata alla banca dati Gespro che gestisce tutte le opere, ci siamo confrontati con Cas, Anas e Lesa. Abbiamo cercato di dare colore alle nostre azioni, mi riferisco alle scuole, siamo entrati nel merito di alcune cose, come ad esempio la scadenza del bando per i punti di ristoro studenti, ricevendo pure molti elogi per aver chiesto la presenza di alimenti biologici. Il mio unico cruccio \u00e8 stato il bando per il trasporto dei disabili, io ritengo che sia in linea con la legge ma ho dovuto rimettere il verdetto ad un ente terzo\u201d.<\/em><\/p>\n<p style=\"text-align: justify;\">Tutto rimandato, dunque, nelle mani di Musumeci, che potrebbe anche optare per una riconferma dello stesso Calanna. A quel punto non si tratterebbe pi\u00f9 di un addio: \u201c<em>Rispetter\u00f2 la volont\u00e0 dal Presidente come ho fatto finora. Il mio impegno nel Cda del Cas? Non c\u2019entra\u201d<\/em>. C\u2019\u00e8 anche chi vede Calanna in orbita elettorale in ottica del centrosinistra che verr\u00e0, magari come candidato alla presidenza proprio della Citt\u00e0 Metropolitana, ma per questo scenario ci sar\u00e0 tempo.<\/p>\n<p>Foto Papandrea<\/p>\n","protected":false},"excerpt":{"rendered":"<p>Francesco Calanna si congeda dalla Citt\u00e0 Metropolitana, dopo un commissariamento durato solo una manciata di mesi, ma che ha portato qualche beneficio ad un ente che per qualcuno era ormai prossimo al default. Le dimissioni sono arrivate nella giornata di luned\u00ec, subito dopo l\u2019esito delle elezioni politiche, nel pieno rispetto di un tacito accordo con [&hellip;]<\/p>\n","protected":false},"author":14,"featured_media":16533,"comment_status":"closed","ping_status":"open","sticky":false,"template":"","format":"standard","meta":{"ub_ctt_via":"","_mi_skip_tracking":false},"categories":[6],"tags":[],"featured_image_src":"https:\/\/www.messinaoggi.it\/website\/wp-content\/uploads\/2018\/03\/calanna-conf-RRP_5588-1.jpg","author_info":{"display_name":"Antonio Macauda","author_link":"https:\/\/www.messinaoggi.it\/website\/author\/a-macauda\/"},"digistream_id":0,"digistream":false,"_links":{"self":[{"href":"https:\/\/www.messinaoggi.it\/website\/wp-json\/wp\/v2\/posts\/16532"}],"collection":[{"href":"https:\/\/www.messinaoggi.it\/website\/wp-json\/wp\/v2\/posts"}],"about":[{"href":"https:\/\/www.messinaoggi.it\/website\/wp-json\/wp\/v2\/types\/post"}],"author":[{"embeddable":true,"href":"https:\/\/www.messinaoggi.it\/website\/wp-json\/wp\/v2\/users\/14"}],"replies":[{"embeddable":true,"href":"https:\/\/www.messinaoggi.it\/website\/wp-json\/wp\/v2\/comments?post=16532"}],"version-history":[{"count":0,"href":"https:\/\/www.messinaoggi.it\/website\/wp-json\/wp\/v2\/posts\/16532\/revisions"}],"wp:featuredmedia":[{"embeddable":true,"href":"https:\/\/www.messinaoggi.it\/website\/wp-json\/wp\/v2\/media\/16533"}],"wp:attachment":[{"href":"https:\/\/www.messinaoggi.it\/website\/wp-json\/wp\/v2\/media?parent=16532"}],"wp:term":[{"taxonomy":"category","embeddable":true,"href":"https:\/\/www.messinaoggi.it\/website\/wp-json\/wp\/v2\/categories?post=16532"},{"taxonomy":"post_tag","embeddable":true,"href":"https:\/\/www.messinaoggi.it\/website\/wp-json\/wp\/v2\/tags?post=16532"}],"curies":[{"name":"wp","href":"https:\/\/api.w.org\/{rel}","templated":true}]}}