{"id":165208,"date":"2023-08-03T15:43:36","date_gmt":"2023-08-03T13:43:36","guid":{"rendered":"http:\/\/www.messinaoggi.it\/website\/?p=165208"},"modified":"2023-08-03T17:51:46","modified_gmt":"2023-08-03T15:51:46","slug":"esplode-il-caso-sirna-uil-fpl-stop-a-proroghe-ha-73-anni","status":"publish","type":"post","link":"https:\/\/www.messinaoggi.it\/website\/2023\/08\/03\/esplode-il-caso-sirna-uil-fpl-stop-a-proroghe-ha-73-anni\/","title":{"rendered":"Esplode il caso-Sirna, Uil-Fpl: &#8220;Stop a proroghe, ha 70 anni&#8221;"},"content":{"rendered":"\n<p>Pu\u00f2 un dipendente dell\u2019Asp continuare a svolgere servizio a 70 anni? Se lo chiede la Uil-Fpl di Messina con una nota spedita al Commissario dell\u2019Asp di Messina, all\u2019assessorato regionale alla Salute e alla Corte dei conti. La nota porta la firma di Livio Andronico, segretario provinciale della Uil-Fpl di Messina.<div id=\"div-gpt-ad-Messinaoggi.it-DSK-300x250-corpoart\" style=\"text-align:center;margin:0 auto;\"><\/div><\/p>\n\n\n\n<figure class=\"wp-block-image size-large\"><img loading=\"lazy\" width=\"1024\" height=\"768\" src=\"http:\/\/www.messinaoggi.it\/website\/wp-content\/uploads\/2022\/07\/unnamed-5-1024x768.jpg\" alt=\"\" class=\"wp-image-114613\" srcset=\"https:\/\/www.messinaoggi.it\/website\/wp-content\/uploads\/2022\/07\/unnamed-5-1024x768.jpg 1024w, https:\/\/www.messinaoggi.it\/website\/wp-content\/uploads\/2022\/07\/unnamed-5-300x225.jpg 300w, https:\/\/www.messinaoggi.it\/website\/wp-content\/uploads\/2022\/07\/unnamed-5-768x576.jpg 768w, https:\/\/www.messinaoggi.it\/website\/wp-content\/uploads\/2022\/07\/unnamed-5-1536x1152.jpg 1536w, https:\/\/www.messinaoggi.it\/website\/wp-content\/uploads\/2022\/07\/unnamed-5-2048x1536.jpg 2048w\" sizes=\"(max-width: 1024px) 100vw, 1024px\" \/><figcaption><strong><em>Livio Andronico Uil-Fpl ha sollevato il caso<\/em><\/strong><\/figcaption><\/figure>\n\n\n\n<p>\u201cLa scrivente organizzazione sindacale, presa visione della delibera n. 3158\/CS del 28  luglio 2023, con la quale codesta amministrazione ha accolto la richiesta del dipendente matricola n. 24 (Gaetano Sirna) deliberando il trattenimento in servizio fino al  31\/12\/2026,in applicazione del D.L. n.44 ai sensi dell&#8217;art. 1 comma 4 bis del 22  aprile 2023,convertito con modificazioni dalla legge 21 giugno 2023 n.74 art. 1  comma 4 bis, ritiene, che tale atto deliberativo sia palesemente illegittimo in quanto,  la normativa citata da codesta Amministrazione per il trattenimento in servizio del  suddetto dirigente cos\u00ec recita: \u2018<em>Le amministrazioni di cui all&#8217;articolo 1, comma 2, del decreto legislativo 30 marzo 2001, n. 165, possono procedere, in <\/em>deroga  all&#8217;articolo 5, comma 9, del decreto-legge 6 luglio 2012, n. 95, convertito, con  modificazioni, dalla legge 7 agosto 2012, n. 135, al trattenimento in servizio di  personale dirigenziale di cui all&#8217;articolo 19, commi 3 e 4, del decreto legislativo 30  marzo 2001, n. 165, in possesso di specifiche professionalit\u00e0\u2019: Ad avviso della scrivente, l\u2019interpretazione di tale norma da parte di codesta azienda  appare non in armonia con il citato D.L. <div id=\"videoincontent\" style=\"clear:both\";><\/div><\/p>\n\n\n\n<p>Infatti, lo spirito della norma \u00e8 quello di mantenere in servizio fino al 31\/12\/2026 il  personale dirigente che abbia maturato una determinata professionalit\u00e0 che dovrebbe  <strong>essere utile per garantire i LEA ai cittadini \/utenti. <\/strong>Nella fattispecie, il mantenimento in servizio, del dipendente matricola n. 24 si riferisce ad una professionalit\u00e0 che da diversi anni non svolge pi\u00f9&#8217; attivit\u00e0 all&#8217;interno  dell&#8217;azienda ma bens\u00ec ha ricoperto, incarichi di Direttore Generale e\/o Commissario Straordinario presso altre aziende sanitarie, attivit\u00e0&#8217; che esulano dai compiti  istituzionali e pertanto non utili al raggiungimento degli obiettivi aziendali, da parte  dell\u2019azienda che con lo stesso, ha instaurato un rapporto di lavoro. Ci\u00f2 premesso, la scrivente organizzazione sindacale chiede a codesta  amministrazione la revoca in autotutela del provvedimento adottato al fine di  utilizzare il posto attualmente occupato dal suddetto dirigente in dotazione organica  attraverso l\u2019assunzione di altro dirigente medico\u201d.<\/p>\n\n\n\n<p>Conclude la nota sindacale.<\/p>\n","protected":false},"excerpt":{"rendered":"<p>Pu\u00f2 un dipendente dell\u2019Asp continuare a svolgere servizio a 70 anni? Se lo chiede la Uil-Fpl di Messina con una nota spedita al Commissario dell\u2019Asp di Messina, all\u2019assessorato regionale alla Salute e alla Corte dei conti. La nota porta la firma di Livio Andronico, segretario provinciale della Uil-Fpl di Messina. \u201cLa scrivente organizzazione sindacale, presa [&hellip;]<\/p>\n","protected":false},"author":2,"featured_media":1986,"comment_status":"open","ping_status":"open","sticky":false,"template":"","format":"standard","meta":{"ub_ctt_via":"","_mi_skip_tracking":false},"categories":[19],"tags":[8474,2462,113,115],"featured_image_src":"https:\/\/www.messinaoggi.it\/website\/wp-content\/uploads\/2017\/06\/Picciolo-Sirna-Vullo-2-e1691069981269.jpg","author_info":{"display_name":"Redazione","author_link":"https:\/\/www.messinaoggi.it\/website\/author\/redazione\/"},"digistream_id":0,"digistream":false,"_links":{"self":[{"href":"https:\/\/www.messinaoggi.it\/website\/wp-json\/wp\/v2\/posts\/165208"}],"collection":[{"href":"https:\/\/www.messinaoggi.it\/website\/wp-json\/wp\/v2\/posts"}],"about":[{"href":"https:\/\/www.messinaoggi.it\/website\/wp-json\/wp\/v2\/types\/post"}],"author":[{"embeddable":true,"href":"https:\/\/www.messinaoggi.it\/website\/wp-json\/wp\/v2\/users\/2"}],"replies":[{"embeddable":true,"href":"https:\/\/www.messinaoggi.it\/website\/wp-json\/wp\/v2\/comments?post=165208"}],"version-history":[{"count":2,"href":"https:\/\/www.messinaoggi.it\/website\/wp-json\/wp\/v2\/posts\/165208\/revisions"}],"predecessor-version":[{"id":165246,"href":"https:\/\/www.messinaoggi.it\/website\/wp-json\/wp\/v2\/posts\/165208\/revisions\/165246"}],"wp:featuredmedia":[{"embeddable":true,"href":"https:\/\/www.messinaoggi.it\/website\/wp-json\/wp\/v2\/media\/1986"}],"wp:attachment":[{"href":"https:\/\/www.messinaoggi.it\/website\/wp-json\/wp\/v2\/media?parent=165208"}],"wp:term":[{"taxonomy":"category","embeddable":true,"href":"https:\/\/www.messinaoggi.it\/website\/wp-json\/wp\/v2\/categories?post=165208"},{"taxonomy":"post_tag","embeddable":true,"href":"https:\/\/www.messinaoggi.it\/website\/wp-json\/wp\/v2\/tags?post=165208"}],"curies":[{"name":"wp","href":"https:\/\/api.w.org\/{rel}","templated":true}]}}