{"id":165013,"date":"2023-08-02T00:07:55","date_gmt":"2023-08-01T22:07:55","guid":{"rendered":"https:\/\/www.messinaoggi.it\/website\/2023\/08\/02\/meloni-credere-in-unitalia-capace-di-pensare-in-grande\/"},"modified":"2023-08-02T00:07:55","modified_gmt":"2023-08-01T22:07:55","slug":"meloni-credere-in-unitalia-capace-di-pensare-in-grande","status":"publish","type":"post","link":"https:\/\/www.messinaoggi.it\/website\/2023\/08\/02\/meloni-credere-in-unitalia-capace-di-pensare-in-grande\/","title":{"rendered":"Meloni \u201cCredere in un\u2019Italia capace di pensare in grande\u201d"},"content":{"rendered":"<div>ROMA (ITALPRESS) &#8211; &#8220;Questa \u00e8 una nazione che non si ricorda abbastanza spesso cosa \u00e8 stata e cosa ha rappresentato nella storia e che ancora oggi rappresenta fuori dai confini nazionali: la nazione delle grandi imprese, la nazione che ha meravigliato il mondo con le sue opere, la nazione della creativit\u00e0. Gli altri lo sanno, non c&#8217;\u00e8 pi\u00f9 di tanto bisogno di ricordarlo al di fuori dei confini nazionali. E&#8217; a noi stessi che lo dobbiamo ricordare, perch\u00e8 questa \u00e8 una nazione in cui molti tendono a farsi sopraffare da una sorta di sindrome di Calimero per cui non siamo mai abbastanza, non lo sappiamo fare, non lo possiamo fare. Voi invece lo sapete che ce la possiamo fare perch\u00e8 c&#8217;\u00e8 un&#8217;altra parte della nazione che ogni giorno dimostra, nonostante le difficolt\u00e0, quello che vale. Ed \u00e8 esattamente quella parte che ha bisogno oggi di guidare il resto di questa nazione&#8221;. Lo ha detto il Presidente del Consiglio Giorgia Meloni intervenendo alla presentazione delle olimpiadi e paralimpiadi invernali Milano-Cortina 2026 a villa Doria Pamphili.<br \/>&#8220;Credere in noi stessi, credere nella nostra capacit\u00e0 di sognare ancora in grande, di pensare in grande, di essere grandi, io credo sia la pi\u00f9 potente riforma economica che possiamo fare. E allora bisogna che cominci a crederci la classe dirigente di questa nazione, chi ha la possibilit\u00e0 di guidare questo popolo e di portarlo a vincere un&#8217;altra grande battaglia che non pu\u00f2 che confermare quello che tutto il resto del mondo sa di noi e che noi troppo spesso dimentichiamo. Il governo ha dimostrato di crederci, di credere in un&#8217;Italia capace di pensare in grande. Ospiteremo il prossimo anno il G7, nel 2025 il Giubileo, nel 2026 le Olimpiadi, e abbiamo candidato Roma all&#8217;Expo del 2030. Noi vogliamo che questa nazione torni a pensare in grande ma non ce la possiamo fare da soli, ce la possiamo fare se le persone che sanno come me che questa nazione pu\u00f2 farcela ci credono insieme a me, insieme a noi&#8221; ha concluso il Premier.<div id=\"div-gpt-ad-Messinaoggi.it-DSK-300x250-corpoart\" style=\"text-align:center;margin:0 auto;\"><\/div><\/p>\n<p>foto: Agenzia Fotogramma<div id=\"videoincontent\" style=\"clear:both\";><\/div><\/p>\n<p>(ITALPRESS).<\/p><\/div>\n","protected":false},"excerpt":{"rendered":"<p>ROMA (ITALPRESS) &#8211; &#8220;Questa \u00e8 una nazione che non si ricorda abbastanza spesso cosa \u00e8 stata e cosa ha rappresentato nella storia e che ancora oggi rappresenta fuori dai confini nazionali: la nazione delle grandi imprese, la nazione che ha meravigliato il mondo con le sue opere, la nazione della creativit\u00e0. Gli altri lo sanno, [&hellip;]<\/p>\n","protected":false},"author":18,"featured_media":0,"comment_status":"closed","ping_status":"closed","sticky":false,"template":"","format":"standard","meta":{"ub_ctt_via":"","_mi_skip_tracking":false},"categories":[446],"tags":[783],"featured_image_src":null,"author_info":{"display_name":"Admin","author_link":"https:\/\/www.messinaoggi.it\/website\/author\/admin\/"},"digistream_id":0,"digistream":false,"_links":{"self":[{"href":"https:\/\/www.messinaoggi.it\/website\/wp-json\/wp\/v2\/posts\/165013"}],"collection":[{"href":"https:\/\/www.messinaoggi.it\/website\/wp-json\/wp\/v2\/posts"}],"about":[{"href":"https:\/\/www.messinaoggi.it\/website\/wp-json\/wp\/v2\/types\/post"}],"author":[{"embeddable":true,"href":"https:\/\/www.messinaoggi.it\/website\/wp-json\/wp\/v2\/users\/18"}],"replies":[{"embeddable":true,"href":"https:\/\/www.messinaoggi.it\/website\/wp-json\/wp\/v2\/comments?post=165013"}],"version-history":[{"count":0,"href":"https:\/\/www.messinaoggi.it\/website\/wp-json\/wp\/v2\/posts\/165013\/revisions"}],"wp:attachment":[{"href":"https:\/\/www.messinaoggi.it\/website\/wp-json\/wp\/v2\/media?parent=165013"}],"wp:term":[{"taxonomy":"category","embeddable":true,"href":"https:\/\/www.messinaoggi.it\/website\/wp-json\/wp\/v2\/categories?post=165013"},{"taxonomy":"post_tag","embeddable":true,"href":"https:\/\/www.messinaoggi.it\/website\/wp-json\/wp\/v2\/tags?post=165013"}],"curies":[{"name":"wp","href":"https:\/\/api.w.org\/{rel}","templated":true}]}}