{"id":165010,"date":"2023-08-01T22:07:58","date_gmt":"2023-08-01T20:07:58","guid":{"rendered":"https:\/\/www.messinaoggi.it\/website\/2023\/08\/01\/urso-lunedi-decreto-legge-contro-il-caro-prezzo-dei-voli\/"},"modified":"2023-08-01T22:07:58","modified_gmt":"2023-08-01T20:07:58","slug":"urso-lunedi-decreto-legge-contro-il-caro-prezzo-dei-voli","status":"publish","type":"post","link":"https:\/\/www.messinaoggi.it\/website\/2023\/08\/01\/urso-lunedi-decreto-legge-contro-il-caro-prezzo-dei-voli\/","title":{"rendered":"Urso \u201cLuned\u00ec decreto legge contro il caro prezzo dei voli\u201d"},"content":{"rendered":"<div>ROMA (ITALPRESS) &#8211; &#8220;Nel prossimo decreto legge ci sar\u00e0 la stretta sul caro prezzi dei voli. Abbiamo potuto verificare che l&#8217;algoritmo crea una distorsione di mercato, perch\u00e8 non solo si adatta a secondo della richiesta, ma lascia anche liberi dei posti per un&#8217;asta finale per chi pu\u00f2. Questa \u00e8 una distorsione di mercato che sar\u00e0 censurata, resa impossibile da una norma che metteremo nel prossimo decreto legge di luned\u00ec&#8221;. Lo ha detto Adolfo Urso, ministro del Made in Italy intervenendo a Tg2 Post su Rai 2. &#8220;Ci sar\u00e0 anche un&#8217;altra norma che metter\u00e0 un tetto alle tariffe dei voli per quanto riguarda le isole. Cio\u00e8 dei voli in concessione. Ci sar\u00e0 un tetto per le tariffe per le prossime gare&#8221;.<div id=\"div-gpt-ad-Messinaoggi.it-DSK-300x250-corpoart\" style=\"text-align:center;margin:0 auto;\"><\/div><\/p>\n<p>Foto: Agenzia Fotogramma<div id=\"videoincontent\" style=\"clear:both\";><\/div><\/p>\n<p>(ITALPRESS).<\/p><\/div>\n","protected":false},"excerpt":{"rendered":"<p>ROMA (ITALPRESS) &#8211; &#8220;Nel prossimo decreto legge ci sar\u00e0 la stretta sul caro prezzi dei voli. Abbiamo potuto verificare che l&#8217;algoritmo crea una distorsione di mercato, perch\u00e8 non solo si adatta a secondo della richiesta, ma lascia anche liberi dei posti per un&#8217;asta finale per chi pu\u00f2. Questa \u00e8 una distorsione di mercato che sar\u00e0 [&hellip;]<\/p>\n","protected":false},"author":18,"featured_media":0,"comment_status":"closed","ping_status":"closed","sticky":false,"template":"","format":"standard","meta":{"ub_ctt_via":"","_mi_skip_tracking":false},"categories":[446],"tags":[783],"featured_image_src":null,"author_info":{"display_name":"Admin","author_link":"https:\/\/www.messinaoggi.it\/website\/author\/admin\/"},"digistream_id":0,"digistream":false,"_links":{"self":[{"href":"https:\/\/www.messinaoggi.it\/website\/wp-json\/wp\/v2\/posts\/165010"}],"collection":[{"href":"https:\/\/www.messinaoggi.it\/website\/wp-json\/wp\/v2\/posts"}],"about":[{"href":"https:\/\/www.messinaoggi.it\/website\/wp-json\/wp\/v2\/types\/post"}],"author":[{"embeddable":true,"href":"https:\/\/www.messinaoggi.it\/website\/wp-json\/wp\/v2\/users\/18"}],"replies":[{"embeddable":true,"href":"https:\/\/www.messinaoggi.it\/website\/wp-json\/wp\/v2\/comments?post=165010"}],"version-history":[{"count":0,"href":"https:\/\/www.messinaoggi.it\/website\/wp-json\/wp\/v2\/posts\/165010\/revisions"}],"wp:attachment":[{"href":"https:\/\/www.messinaoggi.it\/website\/wp-json\/wp\/v2\/media?parent=165010"}],"wp:term":[{"taxonomy":"category","embeddable":true,"href":"https:\/\/www.messinaoggi.it\/website\/wp-json\/wp\/v2\/categories?post=165010"},{"taxonomy":"post_tag","embeddable":true,"href":"https:\/\/www.messinaoggi.it\/website\/wp-json\/wp\/v2\/tags?post=165010"}],"curies":[{"name":"wp","href":"https:\/\/api.w.org\/{rel}","templated":true}]}}