{"id":164981,"date":"2023-08-01T19:07:53","date_gmt":"2023-08-01T17:07:53","guid":{"rendered":"https:\/\/www.messinaoggi.it\/website\/2023\/08\/01\/strage-di-bologna-nordio-ferita-aperta-la-verita-piena-un-dovere\/"},"modified":"2023-08-01T19:07:53","modified_gmt":"2023-08-01T17:07:53","slug":"strage-di-bologna-nordio-ferita-aperta-la-verita-piena-un-dovere","status":"publish","type":"post","link":"https:\/\/www.messinaoggi.it\/website\/2023\/08\/01\/strage-di-bologna-nordio-ferita-aperta-la-verita-piena-un-dovere\/","title":{"rendered":"Strage di Bologna, Nordio \u201cFerita aperta, la verit\u00e0 piena un dovere\u201d"},"content":{"rendered":"<div>ROMA (ITALPRESS) &#8211; &#8220;La memoria della strage del 2 Agosto &#8211; il peggior attentato mai avvenuto in Italia in tempo di pace &#8211; \u00e8 una ferita tuttora dolente per l&#8217;Italia intera. 43 anni dopo quel vile attacco, rinnoviamo la vicinanza ai familiari delle 85 vittime e dei 200 feriti e all&#8217;intera comunit\u00e0 di Bologna, che negli anni ha saputo trasformare il dolore in impegno civico e in sostegno all&#8217;attivit\u00e0 dei magistrati. In sede giudiziaria, \u00e8 stata accertata la matrice neofascista della strage e ulteriori passi sono stati compiuti per &#8216;ottemperare &#8211; come ebbe a ricordare il capo dello Stato &#8211; alla inderogabile ricerca di quella verit\u00e0 completa che la Repubblica riconosce come proprio dover\u00e8&#8221;. A dirlo il ministro della Giustizia, Carlo Nordio, alla vigilia del quarantatreesimo anniversario della strage alla stazione di Bologna.<br \/>&#8220;In nome di quest&#8217;essenziale obiettivo, il Ministero della Giustizia si sforza di assicurare ogni supporto possibile agli uffici giudiziari impegnati nelle indagini sul terrorismo, come contro la mafia: cos\u00ec gi\u00e0 nel primo pacchetto di riforme approvate dal Consiglio dei Ministri a giugno \u00e8 stata inserita una norma, per evitare che potessero essere annullate sentenze per gravissimi reati &#8211; aggiunge Nordio -. E&#8217; stato chiarito che il requisito dei 65 anni, come et\u00e0 massima dei giudici popolari delle Corti d&#8217;Assise, deve sussistere soltanto al momento della nomina. Le preoccupazioni di Bologna devono essere fugate in via definitiva. E un ulteriore contributo per una diffusa conoscenza di quella stagione di odio e trame occulte potr\u00e0 arrivare anche dalla digitalizzazione degli atti processuali di interesse storico, al centro di uno specifico tavolo al Ministero a cui ho voluto dare nuovo impulso. Tra i progetti in corso, uno riguarda i processi ai Nuclei armati rivoluzionari, sostenuto anche dall&#8217;Associazione tra i familiari delle vittime del 2 agosto&#8221;.<br \/>&#8220;La strage alla stazione di Bologna \u00e8 una ferita aperta per tutto il Paese e solo una verit\u00e0 senza zone d&#8217;ombra pu\u00f2 portare ad un&#8217;autentica giustizia&#8221;, conclude Nordio.<div id=\"div-gpt-ad-Messinaoggi.it-DSK-300x250-corpoart\" style=\"text-align:center;margin:0 auto;\"><\/div><\/p>\n<p>&#8211; foto: Agenzia Fotogramma &#8211;<br \/>(ITALPRESS).<\/div>\n<div id=\"videoincontent\" style=\"clear:both\";><\/div>","protected":false},"excerpt":{"rendered":"<p>ROMA (ITALPRESS) &#8211; &#8220;La memoria della strage del 2 Agosto &#8211; il peggior attentato mai avvenuto in Italia in tempo di pace &#8211; \u00e8 una ferita tuttora dolente per l&#8217;Italia intera. 43 anni dopo quel vile attacco, rinnoviamo la vicinanza ai familiari delle 85 vittime e dei 200 feriti e all&#8217;intera comunit\u00e0 di Bologna, che [&hellip;]<\/p>\n","protected":false},"author":18,"featured_media":164982,"comment_status":"closed","ping_status":"closed","sticky":false,"template":"","format":"standard","meta":{"ub_ctt_via":"","_mi_skip_tracking":false},"categories":[446],"tags":[783],"featured_image_src":"https:\/\/www.messinaoggi.it\/website\/wp-content\/uploads\/2023\/08\/20230801_1486.jpg","author_info":{"display_name":"Admin","author_link":"https:\/\/www.messinaoggi.it\/website\/author\/admin\/"},"digistream_id":0,"digistream":false,"_links":{"self":[{"href":"https:\/\/www.messinaoggi.it\/website\/wp-json\/wp\/v2\/posts\/164981"}],"collection":[{"href":"https:\/\/www.messinaoggi.it\/website\/wp-json\/wp\/v2\/posts"}],"about":[{"href":"https:\/\/www.messinaoggi.it\/website\/wp-json\/wp\/v2\/types\/post"}],"author":[{"embeddable":true,"href":"https:\/\/www.messinaoggi.it\/website\/wp-json\/wp\/v2\/users\/18"}],"replies":[{"embeddable":true,"href":"https:\/\/www.messinaoggi.it\/website\/wp-json\/wp\/v2\/comments?post=164981"}],"version-history":[{"count":0,"href":"https:\/\/www.messinaoggi.it\/website\/wp-json\/wp\/v2\/posts\/164981\/revisions"}],"wp:featuredmedia":[{"embeddable":true,"href":"https:\/\/www.messinaoggi.it\/website\/wp-json\/wp\/v2\/media\/164982"}],"wp:attachment":[{"href":"https:\/\/www.messinaoggi.it\/website\/wp-json\/wp\/v2\/media?parent=164981"}],"wp:term":[{"taxonomy":"category","embeddable":true,"href":"https:\/\/www.messinaoggi.it\/website\/wp-json\/wp\/v2\/categories?post=164981"},{"taxonomy":"post_tag","embeddable":true,"href":"https:\/\/www.messinaoggi.it\/website\/wp-json\/wp\/v2\/tags?post=164981"}],"curies":[{"name":"wp","href":"https:\/\/api.w.org\/{rel}","templated":true}]}}