{"id":164977,"date":"2023-08-01T18:07:55","date_gmt":"2023-08-01T16:07:55","guid":{"rendered":"https:\/\/www.messinaoggi.it\/website\/2023\/08\/01\/dirigenti-scolastici-firmato-il-contratto-integrativo\/"},"modified":"2023-08-01T18:07:55","modified_gmt":"2023-08-01T16:07:55","slug":"dirigenti-scolastici-firmato-il-contratto-integrativo","status":"publish","type":"post","link":"https:\/\/www.messinaoggi.it\/website\/2023\/08\/01\/dirigenti-scolastici-firmato-il-contratto-integrativo\/","title":{"rendered":"Dirigenti scolastici, firmato il Contratto integrativo"},"content":{"rendered":"<div>ROMA (ITALPRESS) &#8211; Il ministero dell&#8217;Istruzione e del Merito e i Sindacati della dirigenza scolastica all&#8217;unanimit\u00e0 hanno firmato oggi il testo definitivo del Contratto Collettivo Nazionale Integrativo (CCNI). L&#8217;accordo individua le fasce di complessit\u00e0, i criteri di riparto e d&#8217;impiego delle risorse che costituiscono il Fondo unico nazionale (FUN), tra quota destinata alla retribuzione di posizione e quota destinata alla retribuzione di risultato, per l&#8217;anno scolastico 2023\/2024.<br \/>&#8220;La firma del Contratto Collettivo Nazionale Integrativo conferma lo sforzo del MIM per garantire ai Dirigenti scolastici il giusto riconoscimento del loro ruolo nel sistema scolastico, prevedendo anche un innalzamento dei livelli retributivi in considerazione dell&#8217;impegno necessario a far fronte alle molteplicit\u00e0 di attivit\u00e0 e responsabilit\u00e0 a cui la categoria \u00e8 chiamata&#8221;, ha detto il ministro Giuseppe Valditara.<br \/>Dopo la certificazione dell&#8217;ipotesi di contratto da parte degli organi di controllo, del Ministero dell&#8217;Economia e delle Finanze e del Dipartimento della funzione pubblica, si giunge cos\u00ec alla definitiva regolazione di un sistema che, fino a oggi, era contrassegnato da ingiustificate incongruit\u00e0 retributive tra i Dirigenti scolastici. Il CCNI prevede un miglioramento generalizzato e stabile delle retribuzioni grazie all&#8217;incremento della posizione di parte variabile, legata alla complessit\u00e0 delle Istituzioni scolastiche, e garantisce, al contempo, che nessun Dirigente scolastico subisca decrementi retributivi rispetto alla situazione attuale.<br \/>&#8220;Il Ministero &#8211; si legge nella nota &#8211; su precisa indicazione del Ministro Valditara, ha agito, all&#8217;interno di una preziosa e fattiva collaborazione istituzionale con il MEF, per fare s\u00ec che il prossimo primo settembre (data di inizio del nuovo anno scolastico) possa diventare un momento di svolta per i presidi italiani&#8221;. <br \/>Infatti, a partire da settembre 2023, per la prima volta dall&#8217;introduzione dell&#8217;autonomia scolastica, la categoria percepir\u00e0 regolarmente i nuovi cedolini corrispondenti all&#8217;anno di riferimento, con una certezza degli importi e una conoscenza preventiva del livello di complessit\u00e0 dell&#8217;istituzione presso la quale prestano servizio. Gli importi delle posizioni variabili saranno aggiornati con gli incrementi rilevanti previsti dal nuovo Contratto nazionale.<br \/>In particolare, gli Uffici dell&#8217;Amministrazione centrale e periferica hanno lavorato per definire l&#8217;adozione di un Decreto direttoriale per ciascun territorio regionale e l&#8217;invio di tali Decreti per il visto alle ragionerie territoriali entro il 31 luglio, in modo che si possano aggiornare i cedolini in tempo utile.<div id=\"div-gpt-ad-Messinaoggi.it-DSK-300x250-corpoart\" style=\"text-align:center;margin:0 auto;\"><\/div><\/p>\n<p>&#8211; foto: Agenzia Fotogramma &#8211;<br \/>(ITALPRESS).<\/div>\n<div id=\"videoincontent\" style=\"clear:both\";><\/div>","protected":false},"excerpt":{"rendered":"<p>ROMA (ITALPRESS) &#8211; Il ministero dell&#8217;Istruzione e del Merito e i Sindacati della dirigenza scolastica all&#8217;unanimit\u00e0 hanno firmato oggi il testo definitivo del Contratto Collettivo Nazionale Integrativo (CCNI). L&#8217;accordo individua le fasce di complessit\u00e0, i criteri di riparto e d&#8217;impiego delle risorse che costituiscono il Fondo unico nazionale (FUN), tra quota destinata alla retribuzione di [&hellip;]<\/p>\n","protected":false},"author":18,"featured_media":164978,"comment_status":"closed","ping_status":"closed","sticky":false,"template":"","format":"standard","meta":{"ub_ctt_via":"","_mi_skip_tracking":false},"categories":[446],"tags":[783],"featured_image_src":"https:\/\/www.messinaoggi.it\/website\/wp-content\/uploads\/2023\/08\/20230801_1473.jpg","author_info":{"display_name":"Admin","author_link":"https:\/\/www.messinaoggi.it\/website\/author\/admin\/"},"digistream_id":0,"digistream":false,"_links":{"self":[{"href":"https:\/\/www.messinaoggi.it\/website\/wp-json\/wp\/v2\/posts\/164977"}],"collection":[{"href":"https:\/\/www.messinaoggi.it\/website\/wp-json\/wp\/v2\/posts"}],"about":[{"href":"https:\/\/www.messinaoggi.it\/website\/wp-json\/wp\/v2\/types\/post"}],"author":[{"embeddable":true,"href":"https:\/\/www.messinaoggi.it\/website\/wp-json\/wp\/v2\/users\/18"}],"replies":[{"embeddable":true,"href":"https:\/\/www.messinaoggi.it\/website\/wp-json\/wp\/v2\/comments?post=164977"}],"version-history":[{"count":0,"href":"https:\/\/www.messinaoggi.it\/website\/wp-json\/wp\/v2\/posts\/164977\/revisions"}],"wp:featuredmedia":[{"embeddable":true,"href":"https:\/\/www.messinaoggi.it\/website\/wp-json\/wp\/v2\/media\/164978"}],"wp:attachment":[{"href":"https:\/\/www.messinaoggi.it\/website\/wp-json\/wp\/v2\/media?parent=164977"}],"wp:term":[{"taxonomy":"category","embeddable":true,"href":"https:\/\/www.messinaoggi.it\/website\/wp-json\/wp\/v2\/categories?post=164977"},{"taxonomy":"post_tag","embeddable":true,"href":"https:\/\/www.messinaoggi.it\/website\/wp-json\/wp\/v2\/tags?post=164977"}],"curies":[{"name":"wp","href":"https:\/\/api.w.org\/{rel}","templated":true}]}}