{"id":164961,"date":"2023-08-01T17:07:54","date_gmt":"2023-08-01T15:07:54","guid":{"rendered":"https:\/\/www.messinaoggi.it\/website\/2023\/08\/01\/bennati-svela-litalbici-per-glasgow-trentin-capitano\/"},"modified":"2023-08-01T17:07:54","modified_gmt":"2023-08-01T15:07:54","slug":"bennati-svela-litalbici-per-glasgow-trentin-capitano","status":"publish","type":"post","link":"https:\/\/www.messinaoggi.it\/website\/2023\/08\/01\/bennati-svela-litalbici-per-glasgow-trentin-capitano\/","title":{"rendered":"Bennati svela l\u2019Italbici per Glasgow \u201cTrentin capitano\u201d"},"content":{"rendered":"<div>FIRENZE (ITALPRESS) &#8211; &#8220;Noi siamo l&#8217;Italia, una Nazionale che da sempre ha avuto una grande tradizione nei campionati del mondo. L&#8217;aspirazione \u00e8 sempre quella di vincere, per\u00f2 alle volte bisogna essere obiettivi. L&#8217;anno scorso sono tornato dal Mondiale molto soddisfatto per l&#8217;andamento dei 10 giorni che siamo stati assieme, quello che avevo chiesto \u00e8 stato eseguito in gara, e questo mi ha reso felice. Bisogna essere uniti per un unico obiettivo, vogliamo riportare la maglia di campione del mondo in Italia, in una corsa di un giorno non c&#8217;\u00e8 nulla di scontato e non bisogna avere paura di nessuno. Perch\u00e8 non credere in un mezzo miracolo?&#8221;. Lo ha detto il ct dell&#8217;Italbici Daniele Bennati, nel corso di una conferenza stampa all&#8217;Autodromo del Mugello, a Scarperia, dove sono stati svelati i nomi dei nove azzurri per la prova in linea: Andrea Bagioli (Soudal-Quick Step), Filippo Baroncini (Lidl-Trek), Alberto Bettiol (EF Education-Easypost), Daniel Oss (Totalenergies), Andrea Pasqualon (Bahrain Victorious), Lorenzo Rota (Intermarch\u00e8-Circus-Wanty), Kristian Sbaragli (Alpecin-Deceuninck), Matteo Trentin (Uae Team Emirates) e Simone Velasco (Astana Qazaqstan). Selezionati per la cronometro Mattia Cattaneo (Quick Step) e Filippo Ganna (Ineos Grenadier). &#8220;Se faccio un passo indietro allo scorso Mondiale, sapevamo che Evenepoel poteva anticipare lo scatto, e lo ha fatto, ma noi eravamo presenti &#8211; ha aggiunto l&#8217;ex sprinter &#8211; La consapevolezza di quel Mondiale ci deve dare contezza che nessuno \u00e8 imbattibile. L&#8217;anno scorso per alcuni dettagli non dico che  potevamo vincere, ma fino a 500 metri dalla fine potevamo conquistare l&#8217;argento ed il bronzo. Questo deve essere da stimolo per questo Mondiale. Il capitano della squadra sar\u00e0 Trentin, lui \u00e8 garanzia di risultato e leadership, \u00e8 la persona giusta per questo ruolo&#8221;. &#8220;Un messaggio ai tifosi azzurri? Chiedo rispetto per la nostra Nazionale a prescindere da come vada a finire la gara &#8211; ha sottolineato Bennati &#8211; Ogni corridore fa tanti sacrifici, migliaia di chilometri, e sono certo che dar\u00e0 il massimo. Poi il risultato potr\u00e0 dipendere da tanti fattori, per\u00f2 sono sicuro che ognuno di quelli che ho scelto onorer\u00e0 la maglia dell&#8217;Italia&#8221;. Per la squadra azzurra hanno preso la parola Matteo Trentin ed Alberto Bettiol. &#8220;Quando ho vinto l&#8217;Europeo a Glasgow chi adesso \u00e8 favorito non mi conosceva &#8211; ha spiegato Trentin &#8211; Il percorso, soprattutto se ci sar\u00e0 la pioggia, render\u00e0 la corsa incerta. Ci sono tante curve, la differenza sar\u00e0 fatta dal livello tecnico e questo per noi sar\u00e0 un vantaggio&#8221;. &#8220;Ho visto il percorso solo attraverso dei video, servir\u00e0 ritmo &#8211; ha raccontato Bettiol &#8211; A me tutto manca fuorch\u00e8 quello, bisogner\u00e0 poi seguire il nostro istinto e correre da squadra ma da questo punto di vista nessun dubbio. La nostra arma segreta dovr\u00e0 essere la superiorit\u00e0 numerica, ovvero essere sempre uno in pi\u00f9 in ogni situazione di gara&#8221;.<br \/>(ITALPRESS).<\/div>\n<div id=\"div-gpt-ad-Messinaoggi.it-DSK-300x250-corpoart\" style=\"text-align:center;margin:0 auto;\"><\/div><\/p><div id=\"videoincontent\" style=\"clear:both\";><\/div>","protected":false},"excerpt":{"rendered":"<p>FIRENZE (ITALPRESS) &#8211; &#8220;Noi siamo l&#8217;Italia, una Nazionale che da sempre ha avuto una grande tradizione nei campionati del mondo. L&#8217;aspirazione \u00e8 sempre quella di vincere, per\u00f2 alle volte bisogna essere obiettivi. L&#8217;anno scorso sono tornato dal Mondiale molto soddisfatto per l&#8217;andamento dei 10 giorni che siamo stati assieme, quello che avevo chiesto \u00e8 stato [&hellip;]<\/p>\n","protected":false},"author":18,"featured_media":164962,"comment_status":"closed","ping_status":"closed","sticky":false,"template":"","format":"standard","meta":{"ub_ctt_via":"","_mi_skip_tracking":false},"categories":[446],"tags":[783],"featured_image_src":"https:\/\/www.messinaoggi.it\/website\/wp-content\/uploads\/2023\/08\/20230801_1289.jpg","author_info":{"display_name":"Admin","author_link":"https:\/\/www.messinaoggi.it\/website\/author\/admin\/"},"digistream_id":0,"digistream":false,"_links":{"self":[{"href":"https:\/\/www.messinaoggi.it\/website\/wp-json\/wp\/v2\/posts\/164961"}],"collection":[{"href":"https:\/\/www.messinaoggi.it\/website\/wp-json\/wp\/v2\/posts"}],"about":[{"href":"https:\/\/www.messinaoggi.it\/website\/wp-json\/wp\/v2\/types\/post"}],"author":[{"embeddable":true,"href":"https:\/\/www.messinaoggi.it\/website\/wp-json\/wp\/v2\/users\/18"}],"replies":[{"embeddable":true,"href":"https:\/\/www.messinaoggi.it\/website\/wp-json\/wp\/v2\/comments?post=164961"}],"version-history":[{"count":0,"href":"https:\/\/www.messinaoggi.it\/website\/wp-json\/wp\/v2\/posts\/164961\/revisions"}],"wp:featuredmedia":[{"embeddable":true,"href":"https:\/\/www.messinaoggi.it\/website\/wp-json\/wp\/v2\/media\/164962"}],"wp:attachment":[{"href":"https:\/\/www.messinaoggi.it\/website\/wp-json\/wp\/v2\/media?parent=164961"}],"wp:term":[{"taxonomy":"category","embeddable":true,"href":"https:\/\/www.messinaoggi.it\/website\/wp-json\/wp\/v2\/categories?post=164961"},{"taxonomy":"post_tag","embeddable":true,"href":"https:\/\/www.messinaoggi.it\/website\/wp-json\/wp\/v2\/tags?post=164961"}],"curies":[{"name":"wp","href":"https:\/\/api.w.org\/{rel}","templated":true}]}}