{"id":164925,"date":"2023-08-01T12:07:58","date_gmt":"2023-08-01T10:07:58","guid":{"rendered":"https:\/\/www.messinaoggi.it\/website\/2023\/08\/01\/niger-tajani-gli-italiani-possono-partire-con-un-volo-speciale\/"},"modified":"2023-08-01T12:07:58","modified_gmt":"2023-08-01T10:07:58","slug":"niger-tajani-gli-italiani-possono-partire-con-un-volo-speciale","status":"publish","type":"post","link":"https:\/\/www.messinaoggi.it\/website\/2023\/08\/01\/niger-tajani-gli-italiani-possono-partire-con-un-volo-speciale\/","title":{"rendered":"Niger, Tajani \u201cGli italiani possono partire con un volo speciale\u201d"},"content":{"rendered":"<div>ROMA (ITALPRESS) &#8211; &#8220;Il Governo italiano ha deciso di offrire ai nostri concittadini presenti a Niamey la possibilit\u00e0 di lasciare la citt\u00e0 con un volo speciale per l&#8217;Italia. L&#8217;ambasciata a Niamey rester\u00e0 aperta e operativa, anche per contribuire agli sforzi di mediazione un corso&#8221;. Lo scrive su Twitter il ministro degli Esteri, Antonio Tajani.<br \/>-foto Agenzia Fotogramma &#8211;<br \/>(ITALPRESS).<\/div>\n<div id=\"div-gpt-ad-Messinaoggi.it-DSK-300x250-corpoart\" style=\"text-align:center;margin:0 auto;\"><\/div><\/p><div id=\"videoincontent\" style=\"clear:both\";><\/div>","protected":false},"excerpt":{"rendered":"<p>ROMA (ITALPRESS) &#8211; &#8220;Il Governo italiano ha deciso di offrire ai nostri concittadini presenti a Niamey la possibilit\u00e0 di lasciare la citt\u00e0 con un volo speciale per l&#8217;Italia. L&#8217;ambasciata a Niamey rester\u00e0 aperta e operativa, anche per contribuire agli sforzi di mediazione un corso&#8221;. Lo scrive su Twitter il ministro degli Esteri, Antonio Tajani.-foto Agenzia [&hellip;]<\/p>\n","protected":false},"author":18,"featured_media":164926,"comment_status":"closed","ping_status":"closed","sticky":false,"template":"","format":"standard","meta":{"ub_ctt_via":"","_mi_skip_tracking":false},"categories":[446],"tags":[783],"featured_image_src":"https:\/\/www.messinaoggi.it\/website\/wp-content\/uploads\/2023\/08\/20230801_0251.jpg","author_info":{"display_name":"Admin","author_link":"https:\/\/www.messinaoggi.it\/website\/author\/admin\/"},"digistream_id":0,"digistream":false,"_links":{"self":[{"href":"https:\/\/www.messinaoggi.it\/website\/wp-json\/wp\/v2\/posts\/164925"}],"collection":[{"href":"https:\/\/www.messinaoggi.it\/website\/wp-json\/wp\/v2\/posts"}],"about":[{"href":"https:\/\/www.messinaoggi.it\/website\/wp-json\/wp\/v2\/types\/post"}],"author":[{"embeddable":true,"href":"https:\/\/www.messinaoggi.it\/website\/wp-json\/wp\/v2\/users\/18"}],"replies":[{"embeddable":true,"href":"https:\/\/www.messinaoggi.it\/website\/wp-json\/wp\/v2\/comments?post=164925"}],"version-history":[{"count":0,"href":"https:\/\/www.messinaoggi.it\/website\/wp-json\/wp\/v2\/posts\/164925\/revisions"}],"wp:featuredmedia":[{"embeddable":true,"href":"https:\/\/www.messinaoggi.it\/website\/wp-json\/wp\/v2\/media\/164926"}],"wp:attachment":[{"href":"https:\/\/www.messinaoggi.it\/website\/wp-json\/wp\/v2\/media?parent=164925"}],"wp:term":[{"taxonomy":"category","embeddable":true,"href":"https:\/\/www.messinaoggi.it\/website\/wp-json\/wp\/v2\/categories?post=164925"},{"taxonomy":"post_tag","embeddable":true,"href":"https:\/\/www.messinaoggi.it\/website\/wp-json\/wp\/v2\/tags?post=164925"}],"curies":[{"name":"wp","href":"https:\/\/api.w.org\/{rel}","templated":true}]}}