{"id":164830,"date":"2023-07-31T10:07:52","date_gmt":"2023-07-31T08:07:52","guid":{"rendered":"https:\/\/www.messinaoggi.it\/website\/2023\/07\/31\/zaia-rdc-andava-rivisto-chi-ha-davvero-bisogno-ricevera-il-sostegno\/"},"modified":"2023-07-31T10:07:52","modified_gmt":"2023-07-31T08:07:52","slug":"zaia-rdc-andava-rivisto-chi-ha-davvero-bisogno-ricevera-il-sostegno","status":"publish","type":"post","link":"https:\/\/www.messinaoggi.it\/website\/2023\/07\/31\/zaia-rdc-andava-rivisto-chi-ha-davvero-bisogno-ricevera-il-sostegno\/","title":{"rendered":"Zaia \u201cRdc andava rivisto, chi ha davvero bisogno ricever\u00e0 il sostegno\u201d"},"content":{"rendered":"<div>MILANO (ITALPRESS) &#8211; &#8220;Le distorsioni emerse in questi anni dimostrano che cos\u00ec com&#8217;era regolato il Reddito di cittadinanza andava rivisto&#8221;. Lo dice in una intervista a &#8220;Il Corriere della Sera&#8221; il presidente del Veneto Luca Zaia. &#8220;Non le indico io, ma le inchieste della Guardia di finanza: c&#8217;\u00e8 chi poteva lavorare e non l&#8217;ha fatto e chi, addirittura, ha lavorato in nero. Casi che non hanno diritto al Reddito di cittadinanza&#8221; sottolinea per poi aggiungere: &#8220;A chi ha veramente bisogno il sostegno dovr\u00e0 essere garantito, come avviene in molti Stati europei. Gli altri dovranno cercarsi un lavoro. Questo passaggio era inevitabile&#8221; e poi prosegue: &#8220;Bisogna ricalibrare tutto il meccanismo. L&#8217;intervento serve a fare chiarezza e a procedere d&#8217;ora in poi in maniera puntuale. Chi avr\u00e0 titolo per percepirlo lo avr\u00e0&#8221;. Quindi sui tagli al Pnrr, dice: &#8220;Lamentarsi sarebbe scontato e fin troppo facile. Facciamo in modo che questo &#8216;nuov\u00f2 Pnrr ci aiuti a costruire una &#8216;nuov\u00e0 Italia&#8221;.<br \/>&#8220;Anche il Veneto ha subito un taglio di 775 milioni. Io sono stato il primo, dopo lo scoppio della guerra, a suggerire una rinegoziazione del Pnrr, come previsto dall&#8217;art. 21 dello stesso&#8221;. Ma non lo si \u00e8 fatto perch\u00e8 &#8220;il governo di allora decise di andare avanti come previsto. Io per\u00f2, a questo punto, ricordo che di quei 230 miliardi di euro una parte \u00e8 a fondo perduto ma abbiamo anche preso a prestito un sacco di miliardi e li dobbiamo restituire&#8221;. I tagli hanno fatto male: &#8220;Confido che il governo mantenga l&#8217;impegno annunciato a coprire gli investimenti saltati facendo ricorso al Fondo di coesione e sviluppo. Vigileremo perch\u00e8 succeda davvero&#8221;. Per il governatore veneto si poteva fare meglio: &#8220;Con un taglio chirurgico magari molti investimenti si potevano salvare. I Comuni sono in difficolt\u00e0 perch\u00e8 hanno gli appalti in corso. Sarebbe grave se per l&#8217;inerzia di qualcuno pagassero tutti. L&#8217;Europa non ci aspetta e attende che passiamo dalle parole ai fatti&#8221;. Come? &#8220;Prendiamo il taglio di 16 miliardi come una &#8220;riprogrammazione&#8221;. Come Paese abbiamo la possibilit\u00e0 di mettere a punto un nuovo progetto strategico dirottando gli investimenti sul Repower, cio\u00e8 sulle fonti alternative. In Veneto prevediamo di spendere un miliardo e 600 milioni sull&#8217;idrogeno verde&#8221;.<div id=\"div-gpt-ad-Messinaoggi.it-DSK-300x250-corpoart\" style=\"text-align:center;margin:0 auto;\"><\/div><\/p>\n<p>foto: Agenzia Fotogramma<div id=\"videoincontent\" style=\"clear:both\";><\/div><\/p>\n<p>(ITALPRESS).<\/p><\/div>\n","protected":false},"excerpt":{"rendered":"<p>MILANO (ITALPRESS) &#8211; &#8220;Le distorsioni emerse in questi anni dimostrano che cos\u00ec com&#8217;era regolato il Reddito di cittadinanza andava rivisto&#8221;. Lo dice in una intervista a &#8220;Il Corriere della Sera&#8221; il presidente del Veneto Luca Zaia. &#8220;Non le indico io, ma le inchieste della Guardia di finanza: c&#8217;\u00e8 chi poteva lavorare e non l&#8217;ha fatto [&hellip;]<\/p>\n","protected":false},"author":18,"featured_media":164831,"comment_status":"closed","ping_status":"closed","sticky":false,"template":"","format":"standard","meta":{"ub_ctt_via":"","_mi_skip_tracking":false},"categories":[446],"tags":[783],"featured_image_src":"https:\/\/www.messinaoggi.it\/website\/wp-content\/uploads\/2023\/07\/20230731_0097.jpg","author_info":{"display_name":"Admin","author_link":"https:\/\/www.messinaoggi.it\/website\/author\/admin\/"},"digistream_id":0,"digistream":false,"_links":{"self":[{"href":"https:\/\/www.messinaoggi.it\/website\/wp-json\/wp\/v2\/posts\/164830"}],"collection":[{"href":"https:\/\/www.messinaoggi.it\/website\/wp-json\/wp\/v2\/posts"}],"about":[{"href":"https:\/\/www.messinaoggi.it\/website\/wp-json\/wp\/v2\/types\/post"}],"author":[{"embeddable":true,"href":"https:\/\/www.messinaoggi.it\/website\/wp-json\/wp\/v2\/users\/18"}],"replies":[{"embeddable":true,"href":"https:\/\/www.messinaoggi.it\/website\/wp-json\/wp\/v2\/comments?post=164830"}],"version-history":[{"count":0,"href":"https:\/\/www.messinaoggi.it\/website\/wp-json\/wp\/v2\/posts\/164830\/revisions"}],"wp:featuredmedia":[{"embeddable":true,"href":"https:\/\/www.messinaoggi.it\/website\/wp-json\/wp\/v2\/media\/164831"}],"wp:attachment":[{"href":"https:\/\/www.messinaoggi.it\/website\/wp-json\/wp\/v2\/media?parent=164830"}],"wp:term":[{"taxonomy":"category","embeddable":true,"href":"https:\/\/www.messinaoggi.it\/website\/wp-json\/wp\/v2\/categories?post=164830"},{"taxonomy":"post_tag","embeddable":true,"href":"https:\/\/www.messinaoggi.it\/website\/wp-json\/wp\/v2\/tags?post=164830"}],"curies":[{"name":"wp","href":"https:\/\/api.w.org\/{rel}","templated":true}]}}