{"id":164828,"date":"2023-07-31T09:07:52","date_gmt":"2023-07-31T07:07:52","guid":{"rendered":"https:\/\/www.messinaoggi.it\/website\/2023\/07\/31\/conte-su-rdc-guerra-ideologica-sulla-pelle-dei-poveri-meloni-rinvii\/"},"modified":"2023-07-31T09:07:52","modified_gmt":"2023-07-31T07:07:52","slug":"conte-su-rdc-guerra-ideologica-sulla-pelle-dei-poveri-meloni-rinvii","status":"publish","type":"post","link":"https:\/\/www.messinaoggi.it\/website\/2023\/07\/31\/conte-su-rdc-guerra-ideologica-sulla-pelle-dei-poveri-meloni-rinvii\/","title":{"rendered":"Conte \u201cSu Rdc guerra ideologica sulla pelle dei poveri. Meloni rinvii\u201d"},"content":{"rendered":"<div>ROMA (ITALPRESS) &#8211; &#8220;Per noi \u00e8 un disastro sociale annunciato. Abbiamo provato a metterli in guardia con la marcia dei ventimila, lo scorso giugno a Roma, con il tour da Nord a Sud per far emergere tutte le difficolt\u00e0 delle fasce sociali pi\u00f9 deboli. Il governo invece ha voluto proseguire dritto in questa guerra ideologica condotta sulla pelle dei pi\u00f9 deboli e da ultimo con questo messaggio dell&#8217;Inps per altro falso e fuorviante&#8221;. Un messaggio fuorviante &#8220;perch\u00e8 parla di sospensione per una misura che viene invece cancellata. E poi perch\u00e8 crea l&#8217;illusione che tutti verranno presi in carico dai servizi sociali&#8221;. Lo dice Giuseppe Conte leader del Movimento 5Stelle in una intervista a La Repubblica. Uno stop che era gi\u00e0 era nel programma di governo. &#8220;Sorprende Giorgia Meloni, che si sta rivelando una fredda burocrate a Palazzo Chigi, indifferente al carovita che impoverisce il ceto medio e alla disperazione delle persone pi\u00f9 fragili. Cancella con spregiudicatezza sensibilit\u00e0 che appartenevano un tempo anche alla destra sociale&#8221;.<br \/>\nQuindi sulla commissione d&#8217;inchiesta sull&#8217;operato dell&#8217;ex presidente dell&#8217;Inps Pasquale Tridico, minacciata da FdI, ribadisce: &#8220;Siamo di fronte a episodi di puro bullismo politico frutto della subcultura tossica espressa da questo governo. Si cerca il capro espiatorio per sviare le responsabilit\u00e0 e deviare le istituzioni per bieche strumentalizzazioni politiche&#8221;. Su una sorta di vendetta del governo Meloni nei confronti del M5s, risponde: &#8220;Probabilmente l&#8217;hanno intesa cos\u00ec, ma viene pagata dagli italiani. Peraltro, scontentano anche quella parte dell&#8217;elettorato che, con la complicit\u00e0 di una vergognosa campagna mediatica, si era convinta che il Reddito fosse la fonte di tutti i mali. Si sono dovuti rimangiare la promessa di cancellarlo del tutto, ma ora con le nuove misure provano a far cassa sulla pelle di circa 160mila famiglie, alle quali da gennaio si aggiungeranno 350mila persone. Il governo non sar\u00e0 in grado di offrire alternative alla loro disperazione&#8221;. Il leader pentastellato prevede un autunno caldo: &#8220;Temo proprio di s\u00ec. Per questo invito il governo a convocare subito un Consiglio dei ministri straordinario per differire i termini e gestire queste scelte sciagurate&#8221;.<div id=\"div-gpt-ad-Messinaoggi.it-DSK-300x250-corpoart\" style=\"text-align:center;margin:0 auto;\"><\/div><\/p>\n<p>foto: Agenzia Fotogramma<div id=\"videoincontent\" style=\"clear:both\";><\/div><\/p>\n<p>(ITALPRESS).<\/p><\/div>\n","protected":false},"excerpt":{"rendered":"<p>ROMA (ITALPRESS) &#8211; &#8220;Per noi \u00e8 un disastro sociale annunciato. Abbiamo provato a metterli in guardia con la marcia dei ventimila, lo scorso giugno a Roma, con il tour da Nord a Sud per far emergere tutte le difficolt\u00e0 delle fasce sociali pi\u00f9 deboli. Il governo invece ha voluto proseguire dritto in questa guerra ideologica [&hellip;]<\/p>\n","protected":false},"author":18,"featured_media":164829,"comment_status":"closed","ping_status":"closed","sticky":false,"template":"","format":"standard","meta":{"ub_ctt_via":"","_mi_skip_tracking":false},"categories":[446],"tags":[783],"featured_image_src":"https:\/\/www.messinaoggi.it\/website\/wp-content\/uploads\/2023\/07\/20230731_0085.jpg","author_info":{"display_name":"Admin","author_link":"https:\/\/www.messinaoggi.it\/website\/author\/admin\/"},"digistream_id":0,"digistream":false,"_links":{"self":[{"href":"https:\/\/www.messinaoggi.it\/website\/wp-json\/wp\/v2\/posts\/164828"}],"collection":[{"href":"https:\/\/www.messinaoggi.it\/website\/wp-json\/wp\/v2\/posts"}],"about":[{"href":"https:\/\/www.messinaoggi.it\/website\/wp-json\/wp\/v2\/types\/post"}],"author":[{"embeddable":true,"href":"https:\/\/www.messinaoggi.it\/website\/wp-json\/wp\/v2\/users\/18"}],"replies":[{"embeddable":true,"href":"https:\/\/www.messinaoggi.it\/website\/wp-json\/wp\/v2\/comments?post=164828"}],"version-history":[{"count":0,"href":"https:\/\/www.messinaoggi.it\/website\/wp-json\/wp\/v2\/posts\/164828\/revisions"}],"wp:featuredmedia":[{"embeddable":true,"href":"https:\/\/www.messinaoggi.it\/website\/wp-json\/wp\/v2\/media\/164829"}],"wp:attachment":[{"href":"https:\/\/www.messinaoggi.it\/website\/wp-json\/wp\/v2\/media?parent=164828"}],"wp:term":[{"taxonomy":"category","embeddable":true,"href":"https:\/\/www.messinaoggi.it\/website\/wp-json\/wp\/v2\/categories?post=164828"},{"taxonomy":"post_tag","embeddable":true,"href":"https:\/\/www.messinaoggi.it\/website\/wp-json\/wp\/v2\/tags?post=164828"}],"curies":[{"name":"wp","href":"https:\/\/api.w.org\/{rel}","templated":true}]}}