{"id":16478,"date":"2018-03-06T15:57:18","date_gmt":"2018-03-06T14:57:18","guid":{"rendered":"http:\/\/www.messinaoggi.it\/website\/?p=16478"},"modified":"2018-03-06T15:57:18","modified_gmt":"2018-03-06T14:57:18","slug":"dopo-il-voto-germana-esalta-micciche-il-successo-di-forza-italia-porta-la-sua-firma","status":"publish","type":"post","link":"https:\/\/www.messinaoggi.it\/website\/2018\/03\/06\/dopo-il-voto-germana-esalta-micciche-il-successo-di-forza-italia-porta-la-sua-firma\/","title":{"rendered":"Dopo il voto, German\u00e0 esalt\u00e0 Miccich\u00e8: &quot;Il successo di Forza Italia porta la sua firma&quot;"},"content":{"rendered":"<p style=\"text-align: justify;\"><em>\u201cForza Italia in Sicilia ha nome e cognome da sempre e si chiama Gianfranco Miccich\u00e8\u201d<\/em>. A dirlo \u00e8 Nino German\u00e0, fresco di elezione alla Camera dei Deputati nella lista di Forza Italia. Gli azzurri per\u00f2 si interrogano sulle ragioni del cappotto subito in Sicilia dal Movimento 5 Stelle, che ha trionfato in tutti i collegi uninominali della regione. Sul banco degli imputati \u00e8 salito Gianfranco Miccich\u00e8, ma Gemran\u00e0 si schiera dalla sua parte: <em>\u201cE non trovo differenze tra il Miccich\u00e8 che ha portato il centro destra unito a vincere le elezioni Regionali pochi mesi fa e il Miccich\u00e8 di oggi. Anzi, il dato elettorale ci consegna una Forza Italia cresciuta di 5 punti rispetto alle recenti elezioni Regionali e con un 21% che corrisponde alla percentuale pi\u00f9 alta d\u2019Italia. In Sicilia quindi, rispetto ad altre realt\u00e0 del Paese, Forza Italia non solo \u00e8 in ottima salute ma sta crescendo\u201d<\/em>.<div id=\"div-gpt-ad-Messinaoggi.it-DSK-300x250-corpoart\" style=\"text-align:center;margin:0 auto;\"><\/div><\/p>\n<p style=\"text-align: justify;\">Per German\u00e0, il risultato ottenuto dal partito in Sicilia e nel messinese \u00e8 comunque positivo: <em>\u201cSolo il complesso meccanismo del \u201cbutton up\u201d previsto dal Rosatellum ci ha impedito di poter vedere eletti in Parlamento ulteriori candidati di Forza Italia al proporzionale, ma \u00e8 proprio con i voti della Sicilia che altre Regioni, nelle quali il partito ha avuto percentuali pi\u00f9 basse, vedranno eletti parlamentari di Forza Italia consentendone cos\u00ec la rappresentanza. Il poter contribuire a rafforzare il partito in ogni Regione ma soprattutto il risultato siciliano non pu\u00f2 che renderci orgogliosi. Questo importante risultato \u00e8 il presupposto per strutturare il partito sul territorio in modo da aumentare le legittime richieste di confronto che vengono dalla base. Con un Miccich\u00e8 in ogni regione d\u2019Italia saremmo andati ben oltre la soglia del 40%\u201d.<\/em><div id=\"videoincontent\" style=\"clear:both\";><\/div><\/p>\n","protected":false},"excerpt":{"rendered":"<p>\u201cForza Italia in Sicilia ha nome e cognome da sempre e si chiama Gianfranco Miccich\u00e8\u201d. A dirlo \u00e8 Nino German\u00e0, fresco di elezione alla Camera dei Deputati nella lista di Forza Italia. Gli azzurri per\u00f2 si interrogano sulle ragioni del cappotto subito in Sicilia dal Movimento 5 Stelle, che ha trionfato in tutti i collegi [&hellip;]<\/p>\n","protected":false},"author":2,"featured_media":10266,"comment_status":"closed","ping_status":"open","sticky":false,"template":"","format":"standard","meta":{"ub_ctt_via":"","_mi_skip_tracking":false},"categories":[6],"tags":[],"featured_image_src":"https:\/\/www.messinaoggi.it\/website\/wp-content\/uploads\/2017\/10\/germana-mezzo-busto-messinaoggiMarcyR-1.jpg","author_info":{"display_name":"Redazione","author_link":"https:\/\/www.messinaoggi.it\/website\/author\/redazione\/"},"digistream_id":0,"digistream":false,"_links":{"self":[{"href":"https:\/\/www.messinaoggi.it\/website\/wp-json\/wp\/v2\/posts\/16478"}],"collection":[{"href":"https:\/\/www.messinaoggi.it\/website\/wp-json\/wp\/v2\/posts"}],"about":[{"href":"https:\/\/www.messinaoggi.it\/website\/wp-json\/wp\/v2\/types\/post"}],"author":[{"embeddable":true,"href":"https:\/\/www.messinaoggi.it\/website\/wp-json\/wp\/v2\/users\/2"}],"replies":[{"embeddable":true,"href":"https:\/\/www.messinaoggi.it\/website\/wp-json\/wp\/v2\/comments?post=16478"}],"version-history":[{"count":0,"href":"https:\/\/www.messinaoggi.it\/website\/wp-json\/wp\/v2\/posts\/16478\/revisions"}],"wp:featuredmedia":[{"embeddable":true,"href":"https:\/\/www.messinaoggi.it\/website\/wp-json\/wp\/v2\/media\/10266"}],"wp:attachment":[{"href":"https:\/\/www.messinaoggi.it\/website\/wp-json\/wp\/v2\/media?parent=16478"}],"wp:term":[{"taxonomy":"category","embeddable":true,"href":"https:\/\/www.messinaoggi.it\/website\/wp-json\/wp\/v2\/categories?post=16478"},{"taxonomy":"post_tag","embeddable":true,"href":"https:\/\/www.messinaoggi.it\/website\/wp-json\/wp\/v2\/tags?post=16478"}],"curies":[{"name":"wp","href":"https:\/\/api.w.org\/{rel}","templated":true}]}}