{"id":164771,"date":"2023-07-30T09:07:52","date_gmt":"2023-07-30T07:07:52","guid":{"rendered":"https:\/\/www.messinaoggi.it\/website\/2023\/07\/30\/patuelli-inflazione-in-discesa-la-bce-stoppi-laumento-dei-tassi\/"},"modified":"2023-07-30T09:07:52","modified_gmt":"2023-07-30T07:07:52","slug":"patuelli-inflazione-in-discesa-la-bce-stoppi-laumento-dei-tassi","status":"publish","type":"post","link":"https:\/\/www.messinaoggi.it\/website\/2023\/07\/30\/patuelli-inflazione-in-discesa-la-bce-stoppi-laumento-dei-tassi\/","title":{"rendered":"Patuelli \u201cInflazione in discesa, la Bce stoppi l\u2019aumento dei tassi\u201d"},"content":{"rendered":"<div>MILANO (ITALPRESS) &#8211; &#8220;L&#8217;andamento del Pil \u00e8 in rallentamento da tempo. Una frenata dopo la spinta arrivata con la fine della pandemia e la riduzione degli incentivi fiscali legati all&#8217;edilizia. Va detto che anche l&#8217;inflazione \u00e8 in discesa, cos\u00ec come i prezzi del gas. Non c&#8217;\u00e8 dubbio per\u00f2 che la Bce con la sua politica rischia di rallentare l&#8217;economia, rendendo il credito pi\u00f9 scarso e caro. Una scelta non certo favorevole al mondo produttivo e alle stesse banche che si trovano di fronte due problemi: la crescita dei tassi e la stretta sulla liquidit\u00e0&#8221;. Lo dice Antonio Patuelli, presidente dell&#8217;Abi, dalle colonne del quotisiano romano Il Messaggero in edicola oggi. &#8220;I rialzi della Bce per contrastare l&#8217;inflazione sono stati rapidi e ripetuti nel tempo, come mai accaduto prima con l&#8217;euro. Confido che l&#8217;aumento di luglio, sulla scia di quanto fatto anche dalla Fed, dello 0,25% sia l&#8217;ultimo e che non vi siano ulteriori misure in vista. Del resto la Bce dovrebbe forse anche riflettere quando guarda alla soglia del 2% di inflazione come obiettivo irrinunciabile&#8221; dice ancora Patuelli, che conclude: &#8220;E&#8217; importante, a mio parere, che si valuti la tendenza alla riduzione, che non ci siano delle estremizzazioni. Per evitare di frenare la ripresa &#8211; e bisogna sottolineare che ci sono ancora la tensioni legate alla guerra Russia-Ucraina &#8211; sarebbe opportuno dare tempo ai prezzi di scendere, senza ulteriori scossoni&#8221;. (ITALPRESS).<div id=\"div-gpt-ad-Messinaoggi.it-DSK-300x250-corpoart\" style=\"text-align:center;margin:0 auto;\"><\/div><\/p>\n<p>Foto: Agenzia Fotogramma<div id=\"videoincontent\" style=\"clear:both\";><\/div><\/p><\/div>\n","protected":false},"excerpt":{"rendered":"<p>MILANO (ITALPRESS) &#8211; &#8220;L&#8217;andamento del Pil \u00e8 in rallentamento da tempo. Una frenata dopo la spinta arrivata con la fine della pandemia e la riduzione degli incentivi fiscali legati all&#8217;edilizia. Va detto che anche l&#8217;inflazione \u00e8 in discesa, cos\u00ec come i prezzi del gas. Non c&#8217;\u00e8 dubbio per\u00f2 che la Bce con la sua politica [&hellip;]<\/p>\n","protected":false},"author":18,"featured_media":164772,"comment_status":"closed","ping_status":"closed","sticky":false,"template":"","format":"standard","meta":{"ub_ctt_via":"","_mi_skip_tracking":false},"categories":[446],"tags":[783],"featured_image_src":"https:\/\/www.messinaoggi.it\/website\/wp-content\/uploads\/2023\/07\/20230730_0043.jpg","author_info":{"display_name":"Admin","author_link":"https:\/\/www.messinaoggi.it\/website\/author\/admin\/"},"digistream_id":0,"digistream":false,"_links":{"self":[{"href":"https:\/\/www.messinaoggi.it\/website\/wp-json\/wp\/v2\/posts\/164771"}],"collection":[{"href":"https:\/\/www.messinaoggi.it\/website\/wp-json\/wp\/v2\/posts"}],"about":[{"href":"https:\/\/www.messinaoggi.it\/website\/wp-json\/wp\/v2\/types\/post"}],"author":[{"embeddable":true,"href":"https:\/\/www.messinaoggi.it\/website\/wp-json\/wp\/v2\/users\/18"}],"replies":[{"embeddable":true,"href":"https:\/\/www.messinaoggi.it\/website\/wp-json\/wp\/v2\/comments?post=164771"}],"version-history":[{"count":0,"href":"https:\/\/www.messinaoggi.it\/website\/wp-json\/wp\/v2\/posts\/164771\/revisions"}],"wp:featuredmedia":[{"embeddable":true,"href":"https:\/\/www.messinaoggi.it\/website\/wp-json\/wp\/v2\/media\/164772"}],"wp:attachment":[{"href":"https:\/\/www.messinaoggi.it\/website\/wp-json\/wp\/v2\/media?parent=164771"}],"wp:term":[{"taxonomy":"category","embeddable":true,"href":"https:\/\/www.messinaoggi.it\/website\/wp-json\/wp\/v2\/categories?post=164771"},{"taxonomy":"post_tag","embeddable":true,"href":"https:\/\/www.messinaoggi.it\/website\/wp-json\/wp\/v2\/tags?post=164771"}],"curies":[{"name":"wp","href":"https:\/\/api.w.org\/{rel}","templated":true}]}}