{"id":16451,"date":"2018-03-06T10:45:04","date_gmt":"2018-03-06T09:45:04","guid":{"rendered":"http:\/\/www.messinaoggi.it\/website\/?p=16451"},"modified":"2018-03-06T10:45:04","modified_gmt":"2018-03-06T09:45:04","slug":"navarra-pd-centrato-il-nostro-obiettivo","status":"publish","type":"post","link":"https:\/\/www.messinaoggi.it\/website\/2018\/03\/06\/navarra-pd-centrato-il-nostro-obiettivo\/","title":{"rendered":"Navarra (Pd): &quot;Centrato il nostro obiettivo&quot;"},"content":{"rendered":"<p>Pietro Navarra esulta per la conquista del seggio alla Camera dei Deputati. Nonostante la sonora bocciatura al maggioritario, l&#8217;ex rettore entra al Parlamento dalla porta di servizio.<div id=\"div-gpt-ad-Messinaoggi.it-DSK-300x250-corpoart\" style=\"text-align:center;margin:0 auto;\"><\/div><\/p>\n<p class=\"p1\"><span class=\"s1\">\u201c<em>Avevamo un obiettivo: conquistare il seggio al proporzionale, ed \u00e8 arrivato. La performance della nostra Circoscrizione \u00e8 stata la migliore in Sicilia del Centrosinistra e, di questo, sono certamente molto soddisfatto. Un ringraziamento, in tal senso, va anche a Beppe Picciolo e Gianpiero D\u2019Alia per il contributo che sono stati in grado di fornire. A livello nazionale il risultato non ci premia, la sconfitta \u00e8 chiara e deve far riflettere. Ma vogliamo cominciare proprio dal risultato di Messina per costruire una realt\u00e0 che, secondo me, ha ampi margini di miglioramento\u201d.<\/em> Lo ha detto, Pietro Navarra, eletto alla Camera dei Deputati per il Partito Democratico nel collegio plurinominale di Messina.<\/span><div id=\"videoincontent\" style=\"clear:both\";><\/div><\/p>\n<p class=\"p1\"><span class=\"s1\"><em>\u201cSapevamo \u2013 ha aggiunto \u2013 che non sarebbe stato semplice e che questa elezione nascondeva insidie e avrebbe potuto riservarci sorprese, nonostante la bont\u00e0 del nostro progetto e i risultati raggiunti dai Governi Renzi e Gentiloni. Risultati che in Sicilia non si sono concretizzati come in altre parti del Paese\u00a0 a causa di un Governo regionale fallimentare, con una guida del tutto inefficace e che ha prodotto un disagio diffuso che si \u00e8 riflesso sia nelle elezioni di novembre che oggi. A livello nazionale il principale errore \u00e8 stato il continuo litigio interno, dal referendum in poi, che non ha semplicemente spaccato il Pd, ma ha distratto gli elettori\u00a0 dalle tante cose buone fatte. Ed \u00e8 anche per questa ragione che, nelle ultime quattro settimane, non ci siamo risparmiati, \u00e8 per questa ragione che ho voluto incontrare quanta pi\u00f9 gente possibile, da un capo all\u2019altro della provincia, ogni giorno, senza sosta\u201d<\/em>.<\/span><\/p>\n<p class=\"p2\"><em><span class=\"s1\">\u00a0<\/span><span class=\"s1\">\u201cIl Partito Democratico \u2013 ha spiegato Navarra \u2013 a Messina ha resistito, se si analizzano i dati, soprattutto in confronto alle regionali. Mentre il Centrodestra, che avrebbe dovuto vincere ovunque, \u00e8 stato travolto. Qui il PD, in un certo senso, \u00e8 un partito appena nato e va rifondato nel globalmente. Non a caso il risultato delle Regionali, con la vittoria di Franco De Domenico, \u00e8 stato un risultato di novit\u00e0, continua ad esserlo con queste elezioni: \u00e8 l\u2019affermazione di una linea che punta sulla qualit\u00e0, sulla competenza, su figure nuove che possono dare vigore e slancio per una politica nuova\u201d.<\/span><\/em><\/p>\n<p class=\"p2\"><em><span class=\"s1\">\u00a0<\/span><\/em><span class=\"s1\"><em>\u201cPer quanto riguarda le Amministrative, ho parlato i nostri alleati di Sicilia Futura e con Gianpiero D\u2019Alia e ci incontreremo a breve per discuterne. E\u2019 troppo presto per individuare un piano d\u2019azione preciso, anche se la composizione delle liste \u00e8 gi\u00e0 alla nostra attenzione sia per il io comunale che per i Consigli circoscrizionali<\/em>\u201d.<\/span><\/p>\n<p class=\"p2\">\n","protected":false},"excerpt":{"rendered":"<p>Pietro Navarra esulta per la conquista del seggio alla Camera dei Deputati. Nonostante la sonora bocciatura al maggioritario, l&#8217;ex rettore entra al Parlamento dalla porta di servizio. \u201cAvevamo un obiettivo: conquistare il seggio al proporzionale, ed \u00e8 arrivato. La performance della nostra Circoscrizione \u00e8 stata la migliore in Sicilia del Centrosinistra e, di questo, sono [&hellip;]<\/p>\n","protected":false},"author":2,"featured_media":16452,"comment_status":"closed","ping_status":"open","sticky":false,"template":"","format":"standard","meta":{"ub_ctt_via":"","_mi_skip_tracking":false},"categories":[4],"tags":[],"featured_image_src":"https:\/\/www.messinaoggi.it\/website\/wp-content\/uploads\/2018\/03\/BC47812C-8821-4EE5-8509-F609E06875AE-1.jpeg","author_info":{"display_name":"Redazione","author_link":"https:\/\/www.messinaoggi.it\/website\/author\/redazione\/"},"digistream_id":0,"digistream":false,"_links":{"self":[{"href":"https:\/\/www.messinaoggi.it\/website\/wp-json\/wp\/v2\/posts\/16451"}],"collection":[{"href":"https:\/\/www.messinaoggi.it\/website\/wp-json\/wp\/v2\/posts"}],"about":[{"href":"https:\/\/www.messinaoggi.it\/website\/wp-json\/wp\/v2\/types\/post"}],"author":[{"embeddable":true,"href":"https:\/\/www.messinaoggi.it\/website\/wp-json\/wp\/v2\/users\/2"}],"replies":[{"embeddable":true,"href":"https:\/\/www.messinaoggi.it\/website\/wp-json\/wp\/v2\/comments?post=16451"}],"version-history":[{"count":0,"href":"https:\/\/www.messinaoggi.it\/website\/wp-json\/wp\/v2\/posts\/16451\/revisions"}],"wp:featuredmedia":[{"embeddable":true,"href":"https:\/\/www.messinaoggi.it\/website\/wp-json\/wp\/v2\/media\/16452"}],"wp:attachment":[{"href":"https:\/\/www.messinaoggi.it\/website\/wp-json\/wp\/v2\/media?parent=16451"}],"wp:term":[{"taxonomy":"category","embeddable":true,"href":"https:\/\/www.messinaoggi.it\/website\/wp-json\/wp\/v2\/categories?post=16451"},{"taxonomy":"post_tag","embeddable":true,"href":"https:\/\/www.messinaoggi.it\/website\/wp-json\/wp\/v2\/tags?post=16451"}],"curies":[{"name":"wp","href":"https:\/\/api.w.org\/{rel}","templated":true}]}}