{"id":164492,"date":"2023-07-27T17:07:55","date_gmt":"2023-07-27T15:07:55","guid":{"rendered":"https:\/\/www.messinaoggi.it\/website\/2023\/07\/27\/mattarella-non-esiste-contropotere-giudiziario-del-parlamento\/"},"modified":"2023-07-27T17:07:55","modified_gmt":"2023-07-27T15:07:55","slug":"mattarella-non-esiste-contropotere-giudiziario-del-parlamento","status":"publish","type":"post","link":"https:\/\/www.messinaoggi.it\/website\/2023\/07\/27\/mattarella-non-esiste-contropotere-giudiziario-del-parlamento\/","title":{"rendered":"Mattarella \u201cNon esiste contropotere giudiziario del Parlamento\u201d"},"content":{"rendered":"<div>ROMA (ITALPRESS) &#8211; &#8220;Pi\u00f9 volte \u00e8 stato ricordato, da molte sedi, l&#8217;esigenza ineludibile che i vari organismi rispettino i confini delle proprie competenze e che, a livello istituzionale, ciascun potere dello Stato rispetti l&#8217;ambito di attribuzioni affidate agli altri poteri. Cos\u00ec quanto alla necessit\u00e0 che la magistratura sia consapevole di esser chiamata, in piena autonomia e indipendenza, a operare e a giudicare secondo le norme di legge, interpretandole, anche, correttamente secondo Costituzione, e tenendo conto che le leggi le elabora e le delibera il Parlamento, perch\u00e8 soltanto al Parlamento, nella sua sovranit\u00e0 legislativa, \u00e8 riservato questo compito dalla Costituzione&#8221;. <br \/>Cos\u00ec il presidente della Repubblica, Sergio Mattarella, nel corso della cerimonia del Ventaglio. &#8220;Allo stesso modo, ovviamente, va garantito il rispetto del ruolo della magistratura nel giudicare, perch\u00e8 soltanto alla magistratura questo compito \u00e8 riservato dalla Costituzione. Iniziative d&#8217;inchieste con cui si intende sovrapporre attivit\u00e0 del Parlamento ai giudizi della magistratura si collocano al di fuori del recinto della Costituzione e non possono essere praticate. Non esiste un contropotere giudiziario del Parlamento, usato parallelamente o, peggio, in conflitto con l&#8217;azione della magistratura&#8221;, ha aggiunto.<br \/>(ITALPRESS).<br \/>-foto Quirinale-<\/div>\n<div id=\"div-gpt-ad-Messinaoggi.it-DSK-300x250-corpoart\" style=\"text-align:center;margin:0 auto;\"><\/div><\/p><div id=\"videoincontent\" style=\"clear:both\";><\/div>","protected":false},"excerpt":{"rendered":"<p>ROMA (ITALPRESS) &#8211; &#8220;Pi\u00f9 volte \u00e8 stato ricordato, da molte sedi, l&#8217;esigenza ineludibile che i vari organismi rispettino i confini delle proprie competenze e che, a livello istituzionale, ciascun potere dello Stato rispetti l&#8217;ambito di attribuzioni affidate agli altri poteri. Cos\u00ec quanto alla necessit\u00e0 che la magistratura sia consapevole di esser chiamata, in piena autonomia [&hellip;]<\/p>\n","protected":false},"author":18,"featured_media":164493,"comment_status":"closed","ping_status":"closed","sticky":false,"template":"","format":"standard","meta":{"ub_ctt_via":"","_mi_skip_tracking":false},"categories":[446],"tags":[783],"featured_image_src":"https:\/\/www.messinaoggi.it\/website\/wp-content\/uploads\/2023\/07\/20230727_1270.jpg","author_info":{"display_name":"Admin","author_link":"https:\/\/www.messinaoggi.it\/website\/author\/admin\/"},"digistream_id":0,"digistream":false,"_links":{"self":[{"href":"https:\/\/www.messinaoggi.it\/website\/wp-json\/wp\/v2\/posts\/164492"}],"collection":[{"href":"https:\/\/www.messinaoggi.it\/website\/wp-json\/wp\/v2\/posts"}],"about":[{"href":"https:\/\/www.messinaoggi.it\/website\/wp-json\/wp\/v2\/types\/post"}],"author":[{"embeddable":true,"href":"https:\/\/www.messinaoggi.it\/website\/wp-json\/wp\/v2\/users\/18"}],"replies":[{"embeddable":true,"href":"https:\/\/www.messinaoggi.it\/website\/wp-json\/wp\/v2\/comments?post=164492"}],"version-history":[{"count":0,"href":"https:\/\/www.messinaoggi.it\/website\/wp-json\/wp\/v2\/posts\/164492\/revisions"}],"wp:featuredmedia":[{"embeddable":true,"href":"https:\/\/www.messinaoggi.it\/website\/wp-json\/wp\/v2\/media\/164493"}],"wp:attachment":[{"href":"https:\/\/www.messinaoggi.it\/website\/wp-json\/wp\/v2\/media?parent=164492"}],"wp:term":[{"taxonomy":"category","embeddable":true,"href":"https:\/\/www.messinaoggi.it\/website\/wp-json\/wp\/v2\/categories?post=164492"},{"taxonomy":"post_tag","embeddable":true,"href":"https:\/\/www.messinaoggi.it\/website\/wp-json\/wp\/v2\/tags?post=164492"}],"curies":[{"name":"wp","href":"https:\/\/api.w.org\/{rel}","templated":true}]}}