{"id":164490,"date":"2023-07-27T17:07:53","date_gmt":"2023-07-27T15:07:53","guid":{"rendered":"https:\/\/www.messinaoggi.it\/website\/2023\/07\/27\/a-san-marino-un-progetto-per-la-tutela-e-dignita-della-persona-anziana\/"},"modified":"2023-07-27T17:07:53","modified_gmt":"2023-07-27T15:07:53","slug":"a-san-marino-un-progetto-per-la-tutela-e-dignita-della-persona-anziana","status":"publish","type":"post","link":"https:\/\/www.messinaoggi.it\/website\/2023\/07\/27\/a-san-marino-un-progetto-per-la-tutela-e-dignita-della-persona-anziana\/","title":{"rendered":"A San Marino un progetto per la tutela e dignit\u00e0 della persona anziana"},"content":{"rendered":"<div>SAN MARINO (ITALPRESS) &#8211; Un progetto integrato per la tutela della dignit\u00e0 della persona anziana, con l&#8217;obiettivo di promuovere le migliori condizioni di vita, di cura e di assistenza e al tempo stesso di garantire una presenza capillare e razionale dei programmi socio-sanitari su tutto il territorio sammarinese, implementando le politiche di invecchiamento attivo, di promozione dell&#8217;inclusione sociale e di prevenzione della fragilit\u00e0.<br \/>Questi, in sintesi, i contenuti di quanto presentato oggi in conferenza stampa dal Direttore del Dipartimento Socio Sanitario dell&#8217;Istituto per la Sicurezza Sociale di San Marino Pierluigi Arcangeli e da Valentina Battiston, Direttore generale dell&#8217;Azienda pubblica di servizi alla persona di Cordenons.<br \/>Ad aprire i lavori, il saluto del Segretario di Stato per la Sanit\u00e0 Mariella Mularoni e l&#8217;intervento del Direttore Generale dell&#8217;ISS Francesco Bevere.<br \/>&#8220;La partecipazione alla stesura del Progetto Anziani &#8211; afferma  Pierluigi Arcangeli &#8211; ha rappresentato per me un&#8217;esperienza umana e professionale irripetibile e straordinaria. Ringrazio il Direttore Generale Bevere per avermi offerto questa grande opportunit\u00e0, ringrazio di cuore il Segretario di Stato Mariella Mularoni per la fiducia nel piano socio assistenziale presentato e per il sostegno accordatomi. Ringrazio tutti i collaboratori del Dipartimento Socio Sanitario che hanno contribuito al progetto, ringrazio i colleghi medici specialisti che, a vario titolo, hanno arricchito e arricchiranno il lavoro dei contenuti e di competenze. Abbiamo, insieme alla dottoressa Battiston, tracciato un percorso virtuoso, affinch\u00e8 l&#8217;anziano sia al centro della nostra attenzione sanitaria e socio assistenziale, perch\u00e8 le famiglie possano contare su aiuti certi, concreti e facili da ottenere, perch\u00e8 vicinanza e solidariet\u00e0 prendano il posto delle solitudini e delle preoccupazioni&#8221;.<br \/>Tante le innovazioni e le linee di indirizzo che il progetto intende sviluppare: in particolare, prevede la realizzazione di un Punto Unico di Accesso (PUA) con piene funzioni di accoglienza, orientamento e informazione. Lo stesso ufficio coordiner\u00e0 la persona anziana in alcuni specifici servizi: attivit\u00e0 di facilitazione burocratico-amministrativa, come la prenotazione di prestazioni sanitarie; di servizi di trasporti protetti; di attivazione del servizio di telemedicina; di attivit\u00e0 formative; di rilascio della certificazione e verifiche di idoneit\u00e0 per le assistenti straniere private impiegate al domicilio di anziani e\/o di persone con disabilit\u00e0; ecc&#8230; &#8220;Il Progetto Anziani, oggetto di presentazione odierna, rappresenta per l&#8217;ISS un&#8217;importante evoluzione nella presa in carico della non autosufficienza e costituisce un modello che in futuro potr\u00e0 essere facilmente esportato anche in altri contesti &#8211; afferma Valentina Battiston, Direttore Generale dell&#8217;Azienda pubblica di servizi alla persona di Cordenons -. Si integra in modo coerente ed armonico con le progettualit\u00e0 di prossima realizzazione, come le cure palliative domiciliari, la telemedicina, il rafforzamento dell&#8217;assistenza sanitaria intermedia. La collaborazione con l&#8217;ISS e i suoi illustri professionisti \u00e8 stata fonte di grande soddisfazione e crescita professionale e per questo ringrazio la Direzione Generale e la Segreteria di Stato per l&#8217;opportunit\u00e0 offerta&#8221;.<br \/>Il Punto Unico di Accesso sar\u00e0 anche l&#8217;organo preposto a redigere il Piano Assistenziale Individuale (PAI) nel quale saranno indicate le linee di intervento a favore dell&#8217;anziano e della sua famiglia e che consentir\u00e0 di attivare i servizi previsti dall&#8217;ISS in base a ogni singolo caso, siano essi a domicilio, oppure svolti da Associazioni di Volontariato o in strutture protette.<br \/>Al termine della presentazione, il Segretario di Stato per la Sanit\u00e0, ha espresso sincero apprezzamento per il progetto integrato per la tutela della persona anziana e ringraziato Arcangeli e chi ha collaborato con lui, per il lavoro svolto.<br \/>&#8220;Le persone anziane nell&#8217;attuale contesto sociale hanno sempre pi\u00f9 bisogno di assistenza e attenzione e di un confacente ambiente. Il progetto presentato oggi persegue questo obiettivo &#8211; ha dichiarato il Segretario di Stato Mariella Mularoni -. Siamo una popolazione tra le pi\u00f9 longeve al mondo e per questo dobbiamo essere in grado di offrire una migliore qualit\u00e0 di vita ai nostri anziani con politiche di invecchiamento attivo, di prevenzione e promozione della vita sociale&#8221;.<br \/>&#8220;Perseguiremo le indicazioni che ci sono pervenute dal Segretario di Stato: non solo pi\u00f9 anni alla vita, ma aggiungere pi\u00f9 qualit\u00e0 di vita agli anni &#8211; ha sostenuto il Direttore Generale Francesco Bevere &#8211; lo faremo dando corpo all&#8217;approccio multidimensionale disegnato nel Progetto Anziani, con l&#8217;aiuto anche delle Associazioni, in particolare dell&#8217;ASSPIC, della SUMS e della Associazione Sammarinese di Gerontologia e Geriatria. L&#8217;obiettivo dell&#8217;ISS \u00e8 di arricchire la vita dei nostri anziani attraverso comportamenti tecnici sempre pi\u00f9 efficaci e strutture amichevoli, familiari e sicure, in grado di garantire le relazioni di vita, nel rispetto della riservatezza e della dignit\u00e0 di ognuno. Questo progetto nasce con lo scopo di mettere insieme tutti gli attori dell&#8217;ISS, da sempre impegnati in questo obiettivo. Desidero infine ringraziare la dottoressa Valentina Battiston e la dottoressa Sara Pagliarani per il supporto fornito al dottor Arcangeli&#8221;.<br \/>-foto ufficio stampa Iss San Marino &#8211;<br \/>(ITALPRESS).<\/div>\n<div id=\"div-gpt-ad-Messinaoggi.it-DSK-300x250-corpoart\" style=\"text-align:center;margin:0 auto;\"><\/div><\/p><div id=\"videoincontent\" style=\"clear:both\";><\/div>","protected":false},"excerpt":{"rendered":"<p>SAN MARINO (ITALPRESS) &#8211; Un progetto integrato per la tutela della dignit\u00e0 della persona anziana, con l&#8217;obiettivo di promuovere le migliori condizioni di vita, di cura e di assistenza e al tempo stesso di garantire una presenza capillare e razionale dei programmi socio-sanitari su tutto il territorio sammarinese, implementando le politiche di invecchiamento attivo, di [&hellip;]<\/p>\n","protected":false},"author":18,"featured_media":164491,"comment_status":"closed","ping_status":"closed","sticky":false,"template":"","format":"standard","meta":{"ub_ctt_via":"","_mi_skip_tracking":false},"categories":[446],"tags":[783],"featured_image_src":"https:\/\/www.messinaoggi.it\/website\/wp-content\/uploads\/2023\/07\/20230727_1255.jpg","author_info":{"display_name":"Admin","author_link":"https:\/\/www.messinaoggi.it\/website\/author\/admin\/"},"digistream_id":0,"digistream":false,"_links":{"self":[{"href":"https:\/\/www.messinaoggi.it\/website\/wp-json\/wp\/v2\/posts\/164490"}],"collection":[{"href":"https:\/\/www.messinaoggi.it\/website\/wp-json\/wp\/v2\/posts"}],"about":[{"href":"https:\/\/www.messinaoggi.it\/website\/wp-json\/wp\/v2\/types\/post"}],"author":[{"embeddable":true,"href":"https:\/\/www.messinaoggi.it\/website\/wp-json\/wp\/v2\/users\/18"}],"replies":[{"embeddable":true,"href":"https:\/\/www.messinaoggi.it\/website\/wp-json\/wp\/v2\/comments?post=164490"}],"version-history":[{"count":0,"href":"https:\/\/www.messinaoggi.it\/website\/wp-json\/wp\/v2\/posts\/164490\/revisions"}],"wp:featuredmedia":[{"embeddable":true,"href":"https:\/\/www.messinaoggi.it\/website\/wp-json\/wp\/v2\/media\/164491"}],"wp:attachment":[{"href":"https:\/\/www.messinaoggi.it\/website\/wp-json\/wp\/v2\/media?parent=164490"}],"wp:term":[{"taxonomy":"category","embeddable":true,"href":"https:\/\/www.messinaoggi.it\/website\/wp-json\/wp\/v2\/categories?post=164490"},{"taxonomy":"post_tag","embeddable":true,"href":"https:\/\/www.messinaoggi.it\/website\/wp-json\/wp\/v2\/tags?post=164490"}],"curies":[{"name":"wp","href":"https:\/\/api.w.org\/{rel}","templated":true}]}}