{"id":164474,"date":"2023-07-28T15:13:00","date_gmt":"2023-07-28T13:13:00","guid":{"rendered":"http:\/\/www.messinaoggi.it\/website\/?p=164474"},"modified":"2023-07-28T22:03:30","modified_gmt":"2023-07-28T20:03:30","slug":"dissuasori-impediscono-passaggio-disabili-la-denuncia","status":"publish","type":"post","link":"https:\/\/www.messinaoggi.it\/website\/2023\/07\/28\/dissuasori-impediscono-passaggio-disabili-la-denuncia\/","title":{"rendered":"Dissuasori impediscono il passaggio dei disabili, polemiche a Santa Margherita"},"content":{"rendered":"\n<p>Sono stati ripristinati i tre dissuasori che si trovano in via Caccamo, a Santa Margherita, dopo che ignoti li avevano divelti probabilmente per protesta contro una scelta poco sensata da parte dell&#8217;Amministrazione Basile.<div id=\"div-gpt-ad-Messinaoggi.it-DSK-300x250-corpoart\" style=\"text-align:center;margin:0 auto;\"><\/div><\/p>\n\n\n\n<p>Se questa pu\u00f2 essere in parte una buona notizia, non lo \u00e8 per\u00f2 per i disabili, soprattutto coloro che hanno una mobilit\u00e0 limitata e hanno necessit\u00e0 di muoversi in carrozzina. <div id=\"videoincontent\" style=\"clear:both\";><\/div><\/p>\n\n\n\n<p>A denunciare il problema \u00e8 il consigliere della I Municipalit\u00e0 Nino Spuria, che ha anche avvertito la nostra testata. <\/p>\n\n\n\n<p>&#8220;Quello che chiedo a chi di dovere non \u00e8 che vengano rimossi i dissuasori, ma che si trovi una soluzione che, pur impedendo il passaggio dei motorini, assicuri il transito delle persone con disabilit\u00e0 e dei rispettivi accompagnatori&#8221;.<\/p>\n\n\n\n<p>Il consigliere fa appello all&#8217;Amministrazione comunale affinch\u00e9 intervenga celermente per consentire il passaggio di passeggini e sedie a rotelle in una zona che non pu\u00f2 contare su strade alternative per collegare la Statale 114 alla congestionata via Nazionale.<\/p>\n","protected":false},"excerpt":{"rendered":"<p>Sono stati ripristinati i tre dissuasori che si trovano in via Caccamo, a Santa Margherita, dopo che ignoti li avevano divelti probabilmente per protesta contro una scelta poco sensata da parte dell&#8217;Amministrazione Basile. Se questa pu\u00f2 essere in parte una buona notizia, non lo \u00e8 per\u00f2 per i disabili, soprattutto coloro che hanno una mobilit\u00e0 [&hellip;]<\/p>\n","protected":false},"author":2,"featured_media":164488,"comment_status":"open","ping_status":"open","sticky":false,"template":"","format":"standard","meta":{"ub_ctt_via":"","_mi_skip_tracking":false},"categories":[5],"tags":[2014,2395,8429,7002,8437,874],"featured_image_src":"https:\/\/www.messinaoggi.it\/website\/wp-content\/uploads\/2023\/07\/IMG-20230727-WA0023.jpg","author_info":{"display_name":"Redazione","author_link":"https:\/\/www.messinaoggi.it\/website\/author\/redazione\/"},"digistream_id":0,"digistream":false,"_links":{"self":[{"href":"https:\/\/www.messinaoggi.it\/website\/wp-json\/wp\/v2\/posts\/164474"}],"collection":[{"href":"https:\/\/www.messinaoggi.it\/website\/wp-json\/wp\/v2\/posts"}],"about":[{"href":"https:\/\/www.messinaoggi.it\/website\/wp-json\/wp\/v2\/types\/post"}],"author":[{"embeddable":true,"href":"https:\/\/www.messinaoggi.it\/website\/wp-json\/wp\/v2\/users\/2"}],"replies":[{"embeddable":true,"href":"https:\/\/www.messinaoggi.it\/website\/wp-json\/wp\/v2\/comments?post=164474"}],"version-history":[{"count":4,"href":"https:\/\/www.messinaoggi.it\/website\/wp-json\/wp\/v2\/posts\/164474\/revisions"}],"predecessor-version":[{"id":164674,"href":"https:\/\/www.messinaoggi.it\/website\/wp-json\/wp\/v2\/posts\/164474\/revisions\/164674"}],"wp:featuredmedia":[{"embeddable":true,"href":"https:\/\/www.messinaoggi.it\/website\/wp-json\/wp\/v2\/media\/164488"}],"wp:attachment":[{"href":"https:\/\/www.messinaoggi.it\/website\/wp-json\/wp\/v2\/media?parent=164474"}],"wp:term":[{"taxonomy":"category","embeddable":true,"href":"https:\/\/www.messinaoggi.it\/website\/wp-json\/wp\/v2\/categories?post=164474"},{"taxonomy":"post_tag","embeddable":true,"href":"https:\/\/www.messinaoggi.it\/website\/wp-json\/wp\/v2\/tags?post=164474"}],"curies":[{"name":"wp","href":"https:\/\/api.w.org\/{rel}","templated":true}]}}