{"id":164464,"date":"2023-07-27T11:46:19","date_gmt":"2023-07-27T09:46:19","guid":{"rendered":"http:\/\/www.messinaoggi.it\/website\/?p=164464"},"modified":"2023-07-27T11:46:21","modified_gmt":"2023-07-27T09:46:21","slug":"bimba-morsa-da-un-cane-ricoverata-al-policlinico","status":"publish","type":"post","link":"https:\/\/www.messinaoggi.it\/website\/2023\/07\/27\/bimba-morsa-da-un-cane-ricoverata-al-policlinico\/","title":{"rendered":"Bimba morsa da un cane: ricoverata al Policlinico"},"content":{"rendered":"\n<p>Tragedia sfiorata a Capo d&#8217;Orlando. Ieri in contrada Masseria una bambina di tre anni \u00e8 stata ferita all&#8217;occhio da un cane di propriet\u00e0, un meticcio. Le condizioni sono apparse da subito piuttosto gravi, tanto che \u00e8 stato mandato un elisoccorso per l&#8217;immediato trasferimento della piccola al Policlinico di Messina.<div id=\"div-gpt-ad-Messinaoggi.it-DSK-300x250-corpoart\" style=\"text-align:center;margin:0 auto;\"><\/div><\/p>\n\n\n\n<p>Una volta arrivata l\u00ec \u00e8 stata ricoverata nel reparto di chirurgia Pediatrica, dove \u00e8 stata sottoposta a tutti i controlli e le cure del caso. L&#8217;occhio \u00e8 stato fortunatamente salvato, ma la prognosi della bambina rimane comunque riservata.<div id=\"videoincontent\" style=\"clear:both\";><\/div><\/p>\n","protected":false},"excerpt":{"rendered":"<p>Tragedia sfiorata a Capo d&#8217;Orlando. Ieri in contrada Masseria una bambina di tre anni \u00e8 stata ferita all&#8217;occhio da un cane di propriet\u00e0, un meticcio. Le condizioni sono apparse da subito piuttosto gravi, tanto che \u00e8 stato mandato un elisoccorso per l&#8217;immediato trasferimento della piccola al Policlinico di Messina. Una volta arrivata l\u00ec \u00e8 stata [&hellip;]<\/p>\n","protected":false},"author":8,"featured_media":156541,"comment_status":"open","ping_status":"open","sticky":false,"template":"","format":"standard","meta":{"ub_ctt_via":"","_mi_skip_tracking":false},"categories":[5],"tags":[1314,6955,1258,1932],"featured_image_src":"https:\/\/www.messinaoggi.it\/website\/wp-content\/uploads\/2023\/05\/Policlinico-Pronto-Soccorso-2023-1.jpeg","author_info":{"display_name":"red..me","author_link":"https:\/\/www.messinaoggi.it\/website\/author\/redstage\/"},"digistream_id":0,"digistream":false,"_links":{"self":[{"href":"https:\/\/www.messinaoggi.it\/website\/wp-json\/wp\/v2\/posts\/164464"}],"collection":[{"href":"https:\/\/www.messinaoggi.it\/website\/wp-json\/wp\/v2\/posts"}],"about":[{"href":"https:\/\/www.messinaoggi.it\/website\/wp-json\/wp\/v2\/types\/post"}],"author":[{"embeddable":true,"href":"https:\/\/www.messinaoggi.it\/website\/wp-json\/wp\/v2\/users\/8"}],"replies":[{"embeddable":true,"href":"https:\/\/www.messinaoggi.it\/website\/wp-json\/wp\/v2\/comments?post=164464"}],"version-history":[{"count":1,"href":"https:\/\/www.messinaoggi.it\/website\/wp-json\/wp\/v2\/posts\/164464\/revisions"}],"predecessor-version":[{"id":164466,"href":"https:\/\/www.messinaoggi.it\/website\/wp-json\/wp\/v2\/posts\/164464\/revisions\/164466"}],"wp:featuredmedia":[{"embeddable":true,"href":"https:\/\/www.messinaoggi.it\/website\/wp-json\/wp\/v2\/media\/156541"}],"wp:attachment":[{"href":"https:\/\/www.messinaoggi.it\/website\/wp-json\/wp\/v2\/media?parent=164464"}],"wp:term":[{"taxonomy":"category","embeddable":true,"href":"https:\/\/www.messinaoggi.it\/website\/wp-json\/wp\/v2\/categories?post=164464"},{"taxonomy":"post_tag","embeddable":true,"href":"https:\/\/www.messinaoggi.it\/website\/wp-json\/wp\/v2\/tags?post=164464"}],"curies":[{"name":"wp","href":"https:\/\/api.w.org\/{rel}","templated":true}]}}