{"id":164457,"date":"2023-07-27T11:23:35","date_gmt":"2023-07-27T09:23:35","guid":{"rendered":"http:\/\/www.messinaoggi.it\/website\/?p=164457"},"modified":"2023-07-27T11:23:37","modified_gmt":"2023-07-27T09:23:37","slug":"oggi-distribuzione-idrica-ridotta-in-centro-e-zona-nord","status":"publish","type":"post","link":"https:\/\/www.messinaoggi.it\/website\/2023\/07\/27\/oggi-distribuzione-idrica-ridotta-in-centro-e-zona-nord\/","title":{"rendered":"Oggi distribuzione idrica ridotta in centro e zona nord"},"content":{"rendered":"\n<p>I continui cali di tensione elettrica verificatisi in nottata negli impianti di captazione di Torrerossa e Bufardo non hanno consentito il regolare riempimento dei serbatoi principali che servono la rete idrica della Citt\u00e0. Pertanto, nella giornata di oggi, gioved\u00ec 27 luglio, il Comune di Messina congiuntamente alla Societ\u00e0 AMAM SpA avvisa la cittadinanza che l\u2019erogazione idrica avverr\u00e0 in forma ridotta soprattutto per gli abitati del centro citt\u00e0 e quelli della zona nord, compresi i villaggi costieri e collinari.<div id=\"div-gpt-ad-Messinaoggi.it-DSK-300x250-corpoart\" style=\"text-align:center;margin:0 auto;\"><\/div><\/p>\n\n\n\n<p>Gli utenti \u2013 rassicura AMAM \u2013 potranno segnalare eventuali situazioni di particolare disagio o di emergenza al numero dedicato 090 3687722 o sulla pagina facebook <a href=\"https:\/\/www.facebook.com\/amamspa\" target=\"_blank\" rel=\"noreferrer noopener\">https:\/\/www.facebook.com\/amamspa<\/a>.<div id=\"videoincontent\" style=\"clear:both\";><\/div><\/p>\n\n\n\n<p>L\u2019amministrazione comunale invita ancora una volta i cittadini ad un uso parsimonioso dell\u2019acqua, evitando\u00a0l\u2019uso irriguo e annaffiatura di orti, giardini, prati, vasi e altre superfici a verde; il lavaggio di automezzi, corti e piazzali; il riempimento di piscine, fontane e vasche; e ogni altro uso improprio della risorsa, diverso da quello alimentare, domestico, per l&#8217;igiene personale, per uso medicale.<\/p>\n","protected":false},"excerpt":{"rendered":"<p>I continui cali di tensione elettrica verificatisi in nottata negli impianti di captazione di Torrerossa e Bufardo non hanno consentito il regolare riempimento dei serbatoi principali che servono la rete idrica della Citt\u00e0. Pertanto, nella giornata di oggi, gioved\u00ec 27 luglio, il Comune di Messina congiuntamente alla Societ\u00e0 AMAM SpA avvisa la cittadinanza che l\u2019erogazione [&hellip;]<\/p>\n","protected":false},"author":15,"featured_media":152421,"comment_status":"open","ping_status":"open","sticky":false,"template":"","format":"standard","meta":{"ub_ctt_via":"","_mi_skip_tracking":false},"categories":[6],"tags":[95,1080,8434,6110,5766],"featured_image_src":"https:\/\/www.messinaoggi.it\/website\/wp-content\/uploads\/2023\/04\/acqua-rubinetto-3-2-420x252-1.jpg","author_info":{"display_name":"red.me","author_link":"https:\/\/www.messinaoggi.it\/website\/author\/red-me\/"},"digistream_id":0,"digistream":false,"_links":{"self":[{"href":"https:\/\/www.messinaoggi.it\/website\/wp-json\/wp\/v2\/posts\/164457"}],"collection":[{"href":"https:\/\/www.messinaoggi.it\/website\/wp-json\/wp\/v2\/posts"}],"about":[{"href":"https:\/\/www.messinaoggi.it\/website\/wp-json\/wp\/v2\/types\/post"}],"author":[{"embeddable":true,"href":"https:\/\/www.messinaoggi.it\/website\/wp-json\/wp\/v2\/users\/15"}],"replies":[{"embeddable":true,"href":"https:\/\/www.messinaoggi.it\/website\/wp-json\/wp\/v2\/comments?post=164457"}],"version-history":[{"count":1,"href":"https:\/\/www.messinaoggi.it\/website\/wp-json\/wp\/v2\/posts\/164457\/revisions"}],"predecessor-version":[{"id":164458,"href":"https:\/\/www.messinaoggi.it\/website\/wp-json\/wp\/v2\/posts\/164457\/revisions\/164458"}],"wp:featuredmedia":[{"embeddable":true,"href":"https:\/\/www.messinaoggi.it\/website\/wp-json\/wp\/v2\/media\/152421"}],"wp:attachment":[{"href":"https:\/\/www.messinaoggi.it\/website\/wp-json\/wp\/v2\/media?parent=164457"}],"wp:term":[{"taxonomy":"category","embeddable":true,"href":"https:\/\/www.messinaoggi.it\/website\/wp-json\/wp\/v2\/categories?post=164457"},{"taxonomy":"post_tag","embeddable":true,"href":"https:\/\/www.messinaoggi.it\/website\/wp-json\/wp\/v2\/tags?post=164457"}],"curies":[{"name":"wp","href":"https:\/\/api.w.org\/{rel}","templated":true}]}}