{"id":164439,"date":"2023-07-27T10:46:43","date_gmt":"2023-07-27T08:46:43","guid":{"rendered":"http:\/\/www.messinaoggi.it\/website\/?p=164439"},"modified":"2023-07-27T10:46:45","modified_gmt":"2023-07-27T08:46:45","slug":"successo-per-pallasorriso-una-festa-per-tutti","status":"publish","type":"post","link":"https:\/\/www.messinaoggi.it\/website\/2023\/07\/27\/successo-per-pallasorriso-una-festa-per-tutti\/","title":{"rendered":"Successo per Pallasorriso, una festa per tutti"},"content":{"rendered":"\n<p>Oltre 100 partecipanti hanno dato vita alla manifestazione PALLASORRISO 2023 &#8211; lo sport \u00e8 inclusione &#8211; svoltasi a San Filippo del Mela nel pomeriggio del 15 luglio. Nel solco della tradizione cestistica filippese, la spontanea aggregazione di pi\u00f9 realt\u00e0 ha valorizzato la festa del paese donando un momento di gioia e unione dai piccoli ai grandi.<div id=\"div-gpt-ad-Messinaoggi.it-DSK-300x250-corpoart\" style=\"text-align:center;margin:0 auto;\"><\/div><\/p>\n\n\n\n<p>Fin dal 2017 la societ\u00e0 sportiva <strong>Peppino Cocuzza<\/strong> di San Filippo del Mela promuove una fattiva collaborazione con l&#8217;oratorio GPII di Olivarella ed in particolare con il gruppo Labo dei ragazzi con disabilit\u00e0 coordinati da <strong>Saverio Mancuso <\/strong>e<strong> Mariagrazia Celi.<\/strong> Anche durante la pandemia \u00e8 stata aperta un&#8217;asta di maglie sportive per una piccola, ma significativa, raccolta fondi poi devoluta al centro &#8220;insieme andr\u00e0 meglio&#8221; che faceva riferimento al menzionato oratorio.<div id=\"videoincontent\" style=\"clear:both\";><\/div><\/p>\n\n\n\n<p>Ormai da 6 anni, grazie ad alcuni nostri ex allenatori\/giocatori (Pippo De Gaetano, Enzo Ragno, Salvatore Cambria, Valeria Vento, Alessio Coppolino) che si prestano a dedicare un po&#8217; di tempo libero al volontariato, siamo sempre riusciti a garantire un allenamento settimanale molto atteso dai ragazzi (circa 25) e dalle famiglie interessate che hanno sempre apprezzato l&#8217;ambiente sportivo cestistico tanto da appassionarsi anche agli incontri domenicali agonistici e perfino ad affidarci alcuni ragazzi in trasferte della prima squadra.<\/p>\n\n\n\n<p>Quest&#8217;anno abbiamo lanciato l&#8217;idea di ripetere l&#8217;esperienza, gi\u00e0 provata qualche anno addietro, di giocare tutti insieme in piazza, anzi per strada\u2026. Proprio al centro della strada principale del paese per dare un forte segnale di aggregazione e inclusione a tutta la comunit\u00e0 filippese. Una partita\/manifestazione di sana ricreazione e competizione dove i ragazzi con disabilit\u00e0 si sono cimentati in una gara di basket unitamente agli Under 15 delle categorie agonistiche giovanili. Non \u00e8 stata certo una &#8220;sorpresa&#8221; per i partecipanti che gi\u00e0 hanno avuto modo di conoscersi anche durante l&#8217;anno sportivo in altre simili occasioni.<\/p>\n\n\n\n<p>La genuinit\u00e0 dell&#8217;iniziativa ha fatto breccia in molti a partire dal Comitato festeggiamenti in onore della Madonna del Carmelo che l&#8217;ha inserita con generosit\u00e0 nel calendario della festa patronale. Con slancio direi emozionante, l&#8217;U.P.C.F. di San Filippo del Mela (presidente Claudio Cambria) ha dato la propria disponibilit\u00e0 ad esserci con il corpo bandistico &#8220;Amatori della musica&#8221; diretto dal maestro <strong>Carmelo Nastasi <\/strong>e, addirittura, ha voluto che proprio quella fosse la sede della prima esibizione delle Majorette &#8220;blu stars&#8221; guidate da <strong>Ivana Floridia <\/strong>e<strong> Silvia Di Giovanni. <\/strong>A stimolare ulteriormente la movimentata manifestazione non si \u00e8 tirata indietro <strong>Anna Celi<\/strong> (madrina di kerson viaggi) che ha coordinato le allegre presenze di Minnie e Topolino. Il gruppo Saja (Antonio Cambria, Lucio Cocuzza, Giuseppe Sacc\u00e0, Angela Baronello, Andrea Cocuzza, Emanuele Torre, Filippo Demariano) ha garantito la sezione logistica dell&#8217;evento: dalla composizione di un vero campo da basket, all&#8217;amplificazione, allo spiker in area e alla diretta facebook &#8220;farcita&#8221; da interessanti commenti on line raccolti tra la gente per strada e a bordo campo. Sono state due ore e mezza di intenso divertimento soprattutto per i ragazzi, ma che ha coinvolto, in un ritrovato clima di festa popolare, il numerosissimo pubblico intervenuto.<\/p>\n\n\n\n<p>La manifestazione ha avuto inizio con una breve sfilata per le vie del centro a suon di banda musicale e con le simpatiche majorette a fare da apripista. Gli atleti, con le bandiere d&#8217;Europa, d&#8217;Italia, del Comune, della Pace e Olimpica hanno fatto il loro ingresso sul rettangolo di gioco accolti da un fragoroso applauso e forse da qualche lacrima di gioia. Dopo la presentazione, effettuata in grande stile, dei vari giocatori delle due squadre (che in onore alla ottuagenaria tradizione cestistica sono state chiamate Fulgor e Risveglio), tutti abbiamo ascoltato con attenzione una breve riflessione che la prof. Celi ha fatto sullo sport inclusivo. L&#8217;inno nazionale suonato dalla banda \u00e8 stato un momento magico: con la mano sul petto atleti e pubblico hanno cantato insieme &#8220;l&#8217;Italia s&#8217;\u00e8 desta&#8221;\u2026. Poi il via all&#8217;incontro fra applausi, incitamenti e &#8220;batti cinque&#8221; mentre la banda continuava a suonare allegramente e il commentatore a sottolinerare ed esaltare le varie azioni di gioco. Due time out hanno dato l&#8217;opportunit\u00e0 alle majorette di esibire ancora la loro freschezza giovanile unitamente alle bellissime divise colorate tanto da essere applaudite anche dagli stessi ragazzi del gruppo Labo.<\/p>\n\n\n\n<p>La premiazione finale \u00e8 stata di una classica semplicit\u00e0 assoluta: medaglie per tutti i partecipanti e coppe ai capitani delle squadre\u2026. Ma la gioia colta negli occhi dei ragazzi, mentre si avvicinavano a ritirare il premio, \u00e8 stata unica e difficilmente imitabile; possiamo solo riferire che ha certamente coinvolto la<\/p>\n\n\n\n<p>sensibilit\u00e0 di tutti e rimarr\u00e0 nei nostri cuori almeno fino alla prossima partita. Un grazie a Parco Corolla che ha &#8220;donato&#8221; le tshirt per tutti i partecipanti.<\/p>\n","protected":false},"excerpt":{"rendered":"<p>Oltre 100 partecipanti hanno dato vita alla manifestazione PALLASORRISO 2023 &#8211; lo sport \u00e8 inclusione &#8211; svoltasi a San Filippo del Mela nel pomeriggio del 15 luglio. Nel solco della tradizione cestistica filippese, la spontanea aggregazione di pi\u00f9 realt\u00e0 ha valorizzato la festa del paese donando un momento di gioia e unione dai piccoli ai [&hellip;]<\/p>\n","protected":false},"author":15,"featured_media":164440,"comment_status":"open","ping_status":"open","sticky":false,"template":"","format":"standard","meta":{"ub_ctt_via":"","_mi_skip_tracking":false},"categories":[8,9],"tags":[138,8433,4821],"featured_image_src":"https:\/\/www.messinaoggi.it\/website\/wp-content\/uploads\/2023\/07\/IMG-20230726-WA0027.jpg","author_info":{"display_name":"red.me","author_link":"https:\/\/www.messinaoggi.it\/website\/author\/red-me\/"},"digistream_id":0,"digistream":false,"_links":{"self":[{"href":"https:\/\/www.messinaoggi.it\/website\/wp-json\/wp\/v2\/posts\/164439"}],"collection":[{"href":"https:\/\/www.messinaoggi.it\/website\/wp-json\/wp\/v2\/posts"}],"about":[{"href":"https:\/\/www.messinaoggi.it\/website\/wp-json\/wp\/v2\/types\/post"}],"author":[{"embeddable":true,"href":"https:\/\/www.messinaoggi.it\/website\/wp-json\/wp\/v2\/users\/15"}],"replies":[{"embeddable":true,"href":"https:\/\/www.messinaoggi.it\/website\/wp-json\/wp\/v2\/comments?post=164439"}],"version-history":[{"count":1,"href":"https:\/\/www.messinaoggi.it\/website\/wp-json\/wp\/v2\/posts\/164439\/revisions"}],"predecessor-version":[{"id":164441,"href":"https:\/\/www.messinaoggi.it\/website\/wp-json\/wp\/v2\/posts\/164439\/revisions\/164441"}],"wp:featuredmedia":[{"embeddable":true,"href":"https:\/\/www.messinaoggi.it\/website\/wp-json\/wp\/v2\/media\/164440"}],"wp:attachment":[{"href":"https:\/\/www.messinaoggi.it\/website\/wp-json\/wp\/v2\/media?parent=164439"}],"wp:term":[{"taxonomy":"category","embeddable":true,"href":"https:\/\/www.messinaoggi.it\/website\/wp-json\/wp\/v2\/categories?post=164439"},{"taxonomy":"post_tag","embeddable":true,"href":"https:\/\/www.messinaoggi.it\/website\/wp-json\/wp\/v2\/tags?post=164439"}],"curies":[{"name":"wp","href":"https:\/\/api.w.org\/{rel}","templated":true}]}}