{"id":164436,"date":"2023-07-27T10:34:48","date_gmt":"2023-07-27T08:34:48","guid":{"rendered":"http:\/\/www.messinaoggi.it\/website\/?p=164436"},"modified":"2023-07-27T10:34:57","modified_gmt":"2023-07-27T08:34:57","slug":"incendi-e-voli-cancellati-confcommercio-messina-avverte-schifani","status":"publish","type":"post","link":"https:\/\/www.messinaoggi.it\/website\/2023\/07\/27\/incendi-e-voli-cancellati-confcommercio-messina-avverte-schifani\/","title":{"rendered":"Incendi e voli cancellati, Confcommercio Messina avverte Schifani"},"content":{"rendered":"\n<p>Confcommercio Messina si far\u00e0 promotrice, nei prossimi giorni, di una petizione all\u2019indirizzo del Presidente della Regione sen. <strong>Renato Schifani.<\/strong><div id=\"div-gpt-ad-Messinaoggi.it-DSK-300x250-corpoart\" style=\"text-align:center;margin:0 auto;\"><\/div><\/p>\n\n\n\n<p>&#8220;La chiusura dell\u2019aeroporto di Catania, e la successiva operativit\u00e0 a singhiozzo, oltre al clamoroso danno di immagine che ha investito la nostra, gi\u00e0 deficitaria, rete infrastrutturale, non sottacendo l&#8217;incapacit\u00e0 di prevenire dolose o colpose devastazioni incendiarie e di rafforzare gli strumenti della protezione civile, ha generato, in particolare in Sicilia orientale, un danno straordinario subito dal comparto della accoglienza e della ricettivit\u00e0.<div id=\"videoincontent\" style=\"clear:both\";><\/div><\/p>\n\n\n\n<p>I voli cancellati si sono tradotti in assenze di turisti, ospiti, donne e uomini d\u2019affari. Valuteremo, in tale direzione, in seno agli organismi statutari, la possibilit\u00e0 di incardinare una class action in sede civile e la costituzione di parte civile in eventuale giudizio penale.<\/p>\n\n\n\n<p>Ci\u00f2, a prescindere, dalla necessitata richiesta dello stato d\u2019emergenza. Ci dispiace, non potere fare istanza ai viaggiatori di non raggiungerci perch\u00e8, alla nostra latitudine viviamo (meglio dovremmo vivere) dei doni di natura, storia, cultura (&#8230; in una parola &#8230; bellezza) ma siamo certi che non vogliamo essere confusi con chi assume irresponsabilmente responsabilit\u00e0 pubbliche&#8221; cos\u00ec <strong>Carmelo Picciotto, <\/strong>Presidente di Confcommercio Messina. <\/p>\n","protected":false},"excerpt":{"rendered":"<p>Confcommercio Messina si far\u00e0 promotrice, nei prossimi giorni, di una petizione all\u2019indirizzo del Presidente della Regione sen. Renato Schifani. &#8220;La chiusura dell\u2019aeroporto di Catania, e la successiva operativit\u00e0 a singhiozzo, oltre al clamoroso danno di immagine che ha investito la nostra, gi\u00e0 deficitaria, rete infrastrutturale, non sottacendo l&#8217;incapacit\u00e0 di prevenire dolose o colpose devastazioni incendiarie [&hellip;]<\/p>\n","protected":false},"author":15,"featured_media":164437,"comment_status":"open","ping_status":"open","sticky":false,"template":"","format":"standard","meta":{"ub_ctt_via":"","_mi_skip_tracking":false},"categories":[6],"tags":[8431,1736,5556,4044,2753,2134,6721,2871,757,583,1817,8432],"featured_image_src":"https:\/\/www.messinaoggi.it\/website\/wp-content\/uploads\/2023\/07\/IMG-20230726-WA0034.jpg","author_info":{"display_name":"red.me","author_link":"https:\/\/www.messinaoggi.it\/website\/author\/red-me\/"},"digistream_id":0,"digistream":false,"_links":{"self":[{"href":"https:\/\/www.messinaoggi.it\/website\/wp-json\/wp\/v2\/posts\/164436"}],"collection":[{"href":"https:\/\/www.messinaoggi.it\/website\/wp-json\/wp\/v2\/posts"}],"about":[{"href":"https:\/\/www.messinaoggi.it\/website\/wp-json\/wp\/v2\/types\/post"}],"author":[{"embeddable":true,"href":"https:\/\/www.messinaoggi.it\/website\/wp-json\/wp\/v2\/users\/15"}],"replies":[{"embeddable":true,"href":"https:\/\/www.messinaoggi.it\/website\/wp-json\/wp\/v2\/comments?post=164436"}],"version-history":[{"count":1,"href":"https:\/\/www.messinaoggi.it\/website\/wp-json\/wp\/v2\/posts\/164436\/revisions"}],"predecessor-version":[{"id":164438,"href":"https:\/\/www.messinaoggi.it\/website\/wp-json\/wp\/v2\/posts\/164436\/revisions\/164438"}],"wp:featuredmedia":[{"embeddable":true,"href":"https:\/\/www.messinaoggi.it\/website\/wp-json\/wp\/v2\/media\/164437"}],"wp:attachment":[{"href":"https:\/\/www.messinaoggi.it\/website\/wp-json\/wp\/v2\/media?parent=164436"}],"wp:term":[{"taxonomy":"category","embeddable":true,"href":"https:\/\/www.messinaoggi.it\/website\/wp-json\/wp\/v2\/categories?post=164436"},{"taxonomy":"post_tag","embeddable":true,"href":"https:\/\/www.messinaoggi.it\/website\/wp-json\/wp\/v2\/tags?post=164436"}],"curies":[{"name":"wp","href":"https:\/\/api.w.org\/{rel}","templated":true}]}}