{"id":16438,"date":"2018-03-06T09:51:53","date_gmt":"2018-03-06T08:51:53","guid":{"rendered":"http:\/\/www.messinaoggi.it\/website\/?p=16438"},"modified":"2018-03-06T09:51:53","modified_gmt":"2018-03-06T08:51:53","slug":"gioveni-nuovo-stop-al-trasporto-interno-al-camposanto-ialacqua-dovrebbe-arrossire","status":"publish","type":"post","link":"https:\/\/www.messinaoggi.it\/website\/2018\/03\/06\/gioveni-nuovo-stop-al-trasporto-interno-al-camposanto-ialacqua-dovrebbe-arrossire\/","title":{"rendered":"Gioveni: &quot;Nuovo stop al trasporto interno al Camposanto, Ialacqua dovrebbe arrossire&quot;"},"content":{"rendered":"<p><em>\u201c<\/em>L\u2019assessore Ialacqua e chi con lui aveva riattivato nell\u2019ottobre scorso per 3 giorni a settimana il servizio di trasporto interno al Gran Camposanto promettendo di estenderlo a 6 giorni, adesso dovrebbe soltanto arrossire per essersi preso gioco di anziani e cittadini, visto che il bus navetta manca adesso esattamente dal 1 gennaio scorso&#8221;: non le manda a dire il consigliere comunale, Libero Gioveni (Pd), che dopo aver accolto con soddisfazione la ripresa del prezioso servizio avendo egli trasmesso lo scorso anno al sindaco anche una petizione popolare di cittadini e di fiorai che operano nel perimetro del cimitero monumentale per chiedere la presenza di un bus navetta, adesso stigmatizza pesantemente l\u2019atteggiamento schizofrenico e burlesco di questa Amministrazione, che soltanto a parole dice di essere a favore delle categorie svantaggiate ma che nei fatti li snobba e li abbandon.<br \/>\nIl buon Ialacqua \u2013 ricorda Gioveni \u2013 si era impegnato, dopo aver affidato 3 giorni a settimana il servizio di trasporto interno ad una ditta, di garantirlo anche nei restanti giorni della settimana attraverso i mezzi e il personale dell\u2019Autoparco municipale, e invece, da pi\u00f9 di 2 mesi nel piazzale del cimitero monumentale non si vede nemmeno l\u2019ombra di un pulmino.<br \/>\nAppare superfluo rimarcare il fatto \u2013 sottolinea il consigliere &#8211; che la presenza di un bus navetta, oltre a rendersi necessario per garantire la mobilit\u00e0 interna ai numerosi anziani e disabili che desiderano fare visita ai propri cari scomparsi, serve a dare un nuovo impulso alle attivit\u00e0 commerciali dei numerosi fiorai che, a seguito del netto calo dei visitatori, rischiano seriamente di chiudere le loro attivit\u00e0-<br \/>\nNon \u00e8 assolutamente tollerabile \u2013 insiste l\u2019esponente del Pd \u2013 che in una citt\u00e0 che vuole definirsi &#8216;metropolitana&#8217; e che si vanta di avere il secondo cimitero d\u2019Italia, non si riesca in nessun modo a garantire un servizio cos\u00ec semplice ma nello stesso tempo essenziale per venire incontro a centinaia di cittadini con serie difficolt\u00e0 motorie in una struttura cos\u00ec grande&#8221;.<br \/>\n <br \/>\n <br \/>\nPertanto \u2013 conclude Gioveni &#8211; SI SOLLECITA ancora una volta il sindaco Accorinti, l\u2019assessore ai cimiteri Ialacqua e quelli all\u2019autoparco e alla mobilit\u00e0 urbana Pino e Cacciola ad attivarsi con urgenza per la ripresa del regolare servizio di trasporto interno al Gran Camposanto con qualsivoglia forma si intenda adottare.<br \/>\n <br \/>\n <br \/>\n <div id=\"div-gpt-ad-Messinaoggi.it-DSK-300x250-corpoart\" style=\"text-align:center;margin:0 auto;\"><\/div><\/p>\n<div id=\"videoincontent\" style=\"clear:both\";><\/div>","protected":false},"excerpt":{"rendered":"<p>\u201cL\u2019assessore Ialacqua e chi con lui aveva riattivato nell\u2019ottobre scorso per 3 giorni a settimana il servizio di trasporto interno al Gran Camposanto promettendo di estenderlo a 6 giorni, adesso dovrebbe soltanto arrossire per essersi preso gioco di anziani e cittadini, visto che il bus navetta manca adesso esattamente dal 1 gennaio scorso&#8221;: non le [&hellip;]<\/p>\n","protected":false},"author":2,"featured_media":10801,"comment_status":"closed","ping_status":"open","sticky":false,"template":"","format":"standard","meta":{"ub_ctt_via":"","_mi_skip_tracking":false},"categories":[5],"tags":[],"featured_image_src":"https:\/\/www.messinaoggi.it\/website\/wp-content\/uploads\/2017\/11\/messa-al-grancamposanto-RRP_3154.jpg","author_info":{"display_name":"Redazione","author_link":"https:\/\/www.messinaoggi.it\/website\/author\/redazione\/"},"digistream_id":0,"digistream":false,"_links":{"self":[{"href":"https:\/\/www.messinaoggi.it\/website\/wp-json\/wp\/v2\/posts\/16438"}],"collection":[{"href":"https:\/\/www.messinaoggi.it\/website\/wp-json\/wp\/v2\/posts"}],"about":[{"href":"https:\/\/www.messinaoggi.it\/website\/wp-json\/wp\/v2\/types\/post"}],"author":[{"embeddable":true,"href":"https:\/\/www.messinaoggi.it\/website\/wp-json\/wp\/v2\/users\/2"}],"replies":[{"embeddable":true,"href":"https:\/\/www.messinaoggi.it\/website\/wp-json\/wp\/v2\/comments?post=16438"}],"version-history":[{"count":0,"href":"https:\/\/www.messinaoggi.it\/website\/wp-json\/wp\/v2\/posts\/16438\/revisions"}],"wp:featuredmedia":[{"embeddable":true,"href":"https:\/\/www.messinaoggi.it\/website\/wp-json\/wp\/v2\/media\/10801"}],"wp:attachment":[{"href":"https:\/\/www.messinaoggi.it\/website\/wp-json\/wp\/v2\/media?parent=16438"}],"wp:term":[{"taxonomy":"category","embeddable":true,"href":"https:\/\/www.messinaoggi.it\/website\/wp-json\/wp\/v2\/categories?post=16438"},{"taxonomy":"post_tag","embeddable":true,"href":"https:\/\/www.messinaoggi.it\/website\/wp-json\/wp\/v2\/tags?post=16438"}],"curies":[{"name":"wp","href":"https:\/\/api.w.org\/{rel}","templated":true}]}}