{"id":16436,"date":"2018-03-06T09:34:46","date_gmt":"2018-03-06T08:34:46","guid":{"rendered":"http:\/\/www.messinaoggi.it\/website\/?p=16436"},"modified":"2018-03-06T09:34:46","modified_gmt":"2018-03-06T08:34:46","slug":"violenza-di-genere-messina-aderisce-al-patto-dei-comuni","status":"publish","type":"post","link":"https:\/\/www.messinaoggi.it\/website\/2018\/03\/06\/violenza-di-genere-messina-aderisce-al-patto-dei-comuni\/","title":{"rendered":"Violenza di genere, Messina aderisce al Patto dei Comuni"},"content":{"rendered":"<p>Anche\u00a0Messina\u00a0aderisce al &#8221;Patto dei comuni per la parit\u00e0 e contro la violenza di genere&#8221;. L&#8217;iniziativa discende dagli incontri nazionali a cui l&#8217;assessore alle Pari opportunit\u00e0, Nina Santisi, ha preso parte, organizzati dall&#8217;Anci per la costruzione, condivisione e sottoscrizione del Patto.<br \/>\n&#8220;Il documento impegna enti ed istituzioni, a porre in essere azioni ed iniziative volte a prevenire ogni forma di violenza contro le donne e a rimuovere le cause che possono portare ad agire e a subire violenza &#8211; si legge in una nota &#8211; L&#8217;impegno degli amministratori \u00e8 quello di progettare e sostenere misure condivise che contribuiscano a migliorare la societ\u00e0 e recare reali benefici alle generazioni future a partire da un miglioramento della qualit\u00e0 della vita nelle citt\u00e0 amministrate.<br \/>\nLa nostra citt\u00e0 &#8211; sottolinea l&#8217;assessore Santisi &#8211; ha scelto di aderire al Patto dei Comuni per la parit\u00e0 e contro la violenza di genere, essendo il Comune di\u00a0Messina\u00a0gi\u00e0 impegnato a promuovere e garantire molte delle iniziative e degli obiettivi contenuti nel patto, tra cui il protocollo interistituzionale per il contrasto contro la violenza di genere.<br \/>\nE&#8217; opportuno rafforzare tutte le azioni di contrasto alla violenza sulle donne gi\u00e0 avviate dall&#8217;Amministrazione, promuovendo modelli positivi per le nuove generazioni basati sul rispetto e sul superamento di atteggiamenti negativi e pericolosi attraverso campagne di comunicazione, programmi educativi e di formazioni, seminari e conferenze.\u00a0Messina\u00a0condivide il patto insieme alle citt\u00e0 di Milano che lo ha promosso, Bari, Bologna, Cagliari, Catania, Firenze, Genova, Napoli, Padova, Palermo, Reggio Calabria, Roma, Torino e Varese&#8221;.<div id=\"div-gpt-ad-Messinaoggi.it-DSK-300x250-corpoart\" style=\"text-align:center;margin:0 auto;\"><\/div><\/p>\n<div id=\"videoincontent\" style=\"clear:both\";><\/div>","protected":false},"excerpt":{"rendered":"<p>Anche\u00a0Messina\u00a0aderisce al &#8221;Patto dei comuni per la parit\u00e0 e contro la violenza di genere&#8221;. L&#8217;iniziativa discende dagli incontri nazionali a cui l&#8217;assessore alle Pari opportunit\u00e0, Nina Santisi, ha preso parte, organizzati dall&#8217;Anci per la costruzione, condivisione e sottoscrizione del Patto. &#8220;Il documento impegna enti ed istituzioni, a porre in essere azioni ed iniziative volte a [&hellip;]<\/p>\n","protected":false},"author":2,"featured_media":9012,"comment_status":"closed","ping_status":"open","sticky":false,"template":"","format":"standard","meta":{"ub_ctt_via":"","_mi_skip_tracking":false},"categories":[5],"tags":[],"featured_image_src":"https:\/\/www.messinaoggi.it\/website\/wp-content\/uploads\/2017\/10\/conf-stampa-zuvccarello-riccobonoRRP_9292-2.jpg","author_info":{"display_name":"Redazione","author_link":"https:\/\/www.messinaoggi.it\/website\/author\/redazione\/"},"digistream_id":0,"digistream":false,"_links":{"self":[{"href":"https:\/\/www.messinaoggi.it\/website\/wp-json\/wp\/v2\/posts\/16436"}],"collection":[{"href":"https:\/\/www.messinaoggi.it\/website\/wp-json\/wp\/v2\/posts"}],"about":[{"href":"https:\/\/www.messinaoggi.it\/website\/wp-json\/wp\/v2\/types\/post"}],"author":[{"embeddable":true,"href":"https:\/\/www.messinaoggi.it\/website\/wp-json\/wp\/v2\/users\/2"}],"replies":[{"embeddable":true,"href":"https:\/\/www.messinaoggi.it\/website\/wp-json\/wp\/v2\/comments?post=16436"}],"version-history":[{"count":0,"href":"https:\/\/www.messinaoggi.it\/website\/wp-json\/wp\/v2\/posts\/16436\/revisions"}],"wp:featuredmedia":[{"embeddable":true,"href":"https:\/\/www.messinaoggi.it\/website\/wp-json\/wp\/v2\/media\/9012"}],"wp:attachment":[{"href":"https:\/\/www.messinaoggi.it\/website\/wp-json\/wp\/v2\/media?parent=16436"}],"wp:term":[{"taxonomy":"category","embeddable":true,"href":"https:\/\/www.messinaoggi.it\/website\/wp-json\/wp\/v2\/categories?post=16436"},{"taxonomy":"post_tag","embeddable":true,"href":"https:\/\/www.messinaoggi.it\/website\/wp-json\/wp\/v2\/tags?post=16436"}],"curies":[{"name":"wp","href":"https:\/\/api.w.org\/{rel}","templated":true}]}}