{"id":164357,"date":"2023-07-26T16:07:57","date_gmt":"2023-07-26T14:07:57","guid":{"rendered":"https:\/\/www.messinaoggi.it\/website\/2023\/07\/26\/salario-minimo-3-italiani-su-4-favorevoli\/"},"modified":"2023-07-26T16:07:57","modified_gmt":"2023-07-26T14:07:57","slug":"salario-minimo-3-italiani-su-4-favorevoli","status":"publish","type":"post","link":"https:\/\/www.messinaoggi.it\/website\/2023\/07\/26\/salario-minimo-3-italiani-su-4-favorevoli\/","title":{"rendered":"Salario minimo, 3 italiani su 4 favorevoli"},"content":{"rendered":"<div>ROMA (ITALPRESS) &#8211; Nelle ultime settimane, il dibattito politico italiano si \u00e8 acceso sulla proposta di istituire un salario minimo per i lavoratori dipendenti. Una proposta condivisa da quasi 3 italiani su 4.<br \/>Nonostante le sfide e le discussioni tra maggioranza e opposizione, l&#8217;introduzione di un salario minimo, anche se con modalit\u00e0 e richieste diverse, mette d&#8217;accordo in modo trasversale gli elettori di tutti i partiti politici. Un argomento molto pi\u00f9 sentito e portato avanti con convinzione dagli elettori del Movimento 5 Stelle e dell&#8217;area di centrosinistra, mentre l&#8217;approvazione da parte degli elettori del centrodestra \u00e8 in alcuni casi vincolata all&#8217;introduzione di garanzie e incentivi per le imprese. Emerge per\u00f2 un problema di comunicazione e di informazione per i cittadini italiani. <br \/>Quasi la met\u00e0 della popolazione, infatti, non \u00e8 a conoscenza delle questioni pi\u00f9 \u00abtecniche\u00bb legate al salario minimo e, in particolare, a cosa si ci riferisce con i famosi 9 euro l&#8217;ora. Un italiano su 4 ritiene, appunto, che la base minima di 9 euro \u00e8 da intendersi come paga oraria netta, mentre quasi 1 su 5 non sa assolutamente se ci si riferisce ad una soglia minima lorda o al netto delle trattenute.<div id=\"div-gpt-ad-Messinaoggi.it-DSK-300x250-corpoart\" style=\"text-align:center;margin:0 auto;\"><\/div><\/p>\n<p>Dati Euromedia Research &#8211; Realizzato il 19\/07\/2023 con metodologia mista CATI\/CAWI su un campione di 1.000 casi rappresentativi della popolazione italiana maggiorenne.<div id=\"videoincontent\" style=\"clear:both\";><\/div><\/p>\n<p>-foto ufficio stampa Euromedia Research-<br \/>(ITALPRESS).<\/div>\n","protected":false},"excerpt":{"rendered":"<p>ROMA (ITALPRESS) &#8211; Nelle ultime settimane, il dibattito politico italiano si \u00e8 acceso sulla proposta di istituire un salario minimo per i lavoratori dipendenti. Una proposta condivisa da quasi 3 italiani su 4.Nonostante le sfide e le discussioni tra maggioranza e opposizione, l&#8217;introduzione di un salario minimo, anche se con modalit\u00e0 e richieste diverse, mette [&hellip;]<\/p>\n","protected":false},"author":18,"featured_media":164358,"comment_status":"closed","ping_status":"closed","sticky":false,"template":"","format":"standard","meta":{"ub_ctt_via":"","_mi_skip_tracking":false},"categories":[446],"tags":[783],"featured_image_src":"https:\/\/www.messinaoggi.it\/website\/wp-content\/uploads\/2023\/07\/20230726_1278.jpg","author_info":{"display_name":"Admin","author_link":"https:\/\/www.messinaoggi.it\/website\/author\/admin\/"},"digistream_id":0,"digistream":false,"_links":{"self":[{"href":"https:\/\/www.messinaoggi.it\/website\/wp-json\/wp\/v2\/posts\/164357"}],"collection":[{"href":"https:\/\/www.messinaoggi.it\/website\/wp-json\/wp\/v2\/posts"}],"about":[{"href":"https:\/\/www.messinaoggi.it\/website\/wp-json\/wp\/v2\/types\/post"}],"author":[{"embeddable":true,"href":"https:\/\/www.messinaoggi.it\/website\/wp-json\/wp\/v2\/users\/18"}],"replies":[{"embeddable":true,"href":"https:\/\/www.messinaoggi.it\/website\/wp-json\/wp\/v2\/comments?post=164357"}],"version-history":[{"count":0,"href":"https:\/\/www.messinaoggi.it\/website\/wp-json\/wp\/v2\/posts\/164357\/revisions"}],"wp:featuredmedia":[{"embeddable":true,"href":"https:\/\/www.messinaoggi.it\/website\/wp-json\/wp\/v2\/media\/164358"}],"wp:attachment":[{"href":"https:\/\/www.messinaoggi.it\/website\/wp-json\/wp\/v2\/media?parent=164357"}],"wp:term":[{"taxonomy":"category","embeddable":true,"href":"https:\/\/www.messinaoggi.it\/website\/wp-json\/wp\/v2\/categories?post=164357"},{"taxonomy":"post_tag","embeddable":true,"href":"https:\/\/www.messinaoggi.it\/website\/wp-json\/wp\/v2\/tags?post=164357"}],"curies":[{"name":"wp","href":"https:\/\/api.w.org\/{rel}","templated":true}]}}