{"id":16432,"date":"2018-03-05T16:40:30","date_gmt":"2018-03-05T15:40:30","guid":{"rendered":"http:\/\/www.messinaoggi.it\/website\/?p=16432"},"modified":"2018-03-05T16:40:30","modified_gmt":"2018-03-05T15:40:30","slug":"premio-vizzini-al-via-la-4edizione-del-concorso-fotografico","status":"publish","type":"post","link":"https:\/\/www.messinaoggi.it\/website\/2018\/03\/05\/premio-vizzini-al-via-la-4edizione-del-concorso-fotografico\/","title":{"rendered":"Premio Vizzini, al via la 4^edizione del concorso fotografico"},"content":{"rendered":"<p style=\"text-align: justify;\">Sta per partire la 4^ edizione del<strong> Premio <\/strong>in ricordo dello storico fotoreporter messinese <strong>Michelangelo Vizzini<\/strong>: quest&#8217;anno tema libero per il concorso che si rivolge sia ai professionisti della fotografia, che a dilettanti e amanti dei social network. Nella sua carriera lunga oltre 70 anni e 150mila foto, il maestro messinese ha immortalato fatti e personaggi della nostra storia recente e prediletto lo stile reportage: non a caso il taglio &#8220;giornalistico&#8221; sar\u00e0 particolarmente attenzionato dalla commissione di esperti che valuter\u00e0 le foto pervenute entro il 30 aprile al link <a href=\"http:\/\/www.vizzinifotoreporter.it\/concorsofotografico\">www.vizzinifotoreporter.it\/concorsofotografico<\/a> (iscrizione gratuita; info Whatsapp al 366.5453605).<div id=\"div-gpt-ad-Messinaoggi.it-DSK-300x250-corpoart\" style=\"text-align:center;margin:0 auto;\"><\/div><\/p>\n<p style=\"text-align: justify;\">L&#8217;iniziativa \u00e8 voluta dalla famiglia con il coordinamento del nipote di &#8220;<em>Mimmo<\/em>&#8220;, Mirko Vizzini, e promossa in collaborazione con TempoStretto.it, partner ufficiale del concorso che pubblicher\u00e0 sulla sua pagina Facebook le foto in gara e altri partners, e altri sponsor.<div id=\"videoincontent\" style=\"clear:both\";><\/div><\/p>\n<p style=\"text-align: justify;\">Si potranno inviare due fotografie scattate negli ultimi due anni. I premi in palio, consistenti in piccole statuette di resina realizzate dal maestro Antonello Arena, sono i seguenti: al primo classificato buono acquisto di 300 \u20ac (spendibile da Expolorer Informatica); al secondo, buono acquisto da 200 \u20ac; al terzo, buono viaggio da 150 \u20ac offerto dell&#8217;agenzia Albertour Viaggi e Turismo; al quarto e quinto, due tour guidati offerti da Discover Messina Sicily e chiamati &#8220;Etna &#8211; Taormina&#8221; e &#8220;Sulle Orme del Padrino&#8221;.<\/p>\n<p style=\"text-align: justify;\">Infine, chi otterr\u00e0 sulla pagina Facebook di Tempostretto.it pi\u00f9 like alla foto pubblicata in gara vincer\u00e0 il Premio Social che consiste in un buono dell&#8217;Ottica Monte. La premiazione si svolger\u00e0 con una cerimonia pubblica nel mese di maggio, presentata dal giornalista Massimiliano Cavaleri.<\/p>\n<p style=\"text-align: justify;\">\n","protected":false},"excerpt":{"rendered":"<p>Sta per partire la 4^ edizione del Premio in ricordo dello storico fotoreporter messinese Michelangelo Vizzini: quest&#8217;anno tema libero per il concorso che si rivolge sia ai professionisti della fotografia, che a dilettanti e amanti dei social network. Nella sua carriera lunga oltre 70 anni e 150mila foto, il maestro messinese ha immortalato fatti e [&hellip;]<\/p>\n","protected":false},"author":2,"featured_media":16433,"comment_status":"closed","ping_status":"open","sticky":false,"template":"","format":"standard","meta":{"ub_ctt_via":"","_mi_skip_tracking":false},"categories":[16],"tags":[],"featured_image_src":"https:\/\/www.messinaoggi.it\/website\/wp-content\/uploads\/2018\/03\/Premio-Vizzini-2018-1.jpg","author_info":{"display_name":"Redazione","author_link":"https:\/\/www.messinaoggi.it\/website\/author\/redazione\/"},"digistream_id":0,"digistream":false,"_links":{"self":[{"href":"https:\/\/www.messinaoggi.it\/website\/wp-json\/wp\/v2\/posts\/16432"}],"collection":[{"href":"https:\/\/www.messinaoggi.it\/website\/wp-json\/wp\/v2\/posts"}],"about":[{"href":"https:\/\/www.messinaoggi.it\/website\/wp-json\/wp\/v2\/types\/post"}],"author":[{"embeddable":true,"href":"https:\/\/www.messinaoggi.it\/website\/wp-json\/wp\/v2\/users\/2"}],"replies":[{"embeddable":true,"href":"https:\/\/www.messinaoggi.it\/website\/wp-json\/wp\/v2\/comments?post=16432"}],"version-history":[{"count":0,"href":"https:\/\/www.messinaoggi.it\/website\/wp-json\/wp\/v2\/posts\/16432\/revisions"}],"wp:featuredmedia":[{"embeddable":true,"href":"https:\/\/www.messinaoggi.it\/website\/wp-json\/wp\/v2\/media\/16433"}],"wp:attachment":[{"href":"https:\/\/www.messinaoggi.it\/website\/wp-json\/wp\/v2\/media?parent=16432"}],"wp:term":[{"taxonomy":"category","embeddable":true,"href":"https:\/\/www.messinaoggi.it\/website\/wp-json\/wp\/v2\/categories?post=16432"},{"taxonomy":"post_tag","embeddable":true,"href":"https:\/\/www.messinaoggi.it\/website\/wp-json\/wp\/v2\/tags?post=16432"}],"curies":[{"name":"wp","href":"https:\/\/api.w.org\/{rel}","templated":true}]}}