{"id":164313,"date":"2023-07-26T11:54:42","date_gmt":"2023-07-26T09:54:42","guid":{"rendered":"http:\/\/www.messinaoggi.it\/website\/?p=164313"},"modified":"2023-07-26T18:46:03","modified_gmt":"2023-07-26T16:46:03","slug":"incendi-il-sindaco-riapre-il-coc","status":"publish","type":"post","link":"https:\/\/www.messinaoggi.it\/website\/2023\/07\/26\/incendi-il-sindaco-riapre-il-coc\/","title":{"rendered":"Incendi, il sindaco riapre il Coc"},"content":{"rendered":"\n<p>In questi giorni in citt\u00e0 si sono accesi sei focolai di incendi che hanno creato non pochi disagi in contrada Casazza &#8211; contrada Catanese- Mili San Pietro &#8211; Pace &#8211; Curcuraci &#8211; Tono.<div id=\"div-gpt-ad-Messinaoggi.it-DSK-300x250-corpoart\" style=\"text-align:center;margin:0 auto;\"><\/div><\/p>\n\n\n\n<p>Ieri il sindaco di Messina, <strong>Federico Basile,<\/strong> ha annunciato l&#8217;apertura del COC (Il Centro operativo comunale di Protezione Civile) coordinato dall\u2019assessore <strong>Massimiliano Minutoli <\/strong>con il quale \u00e8 in continuo contatto per monitorare la situazione .<div id=\"videoincontent\" style=\"clear:both\";><\/div><\/p>\n\n\n\n<p>Con il DG <strong>Salvo Puccio<\/strong> \u00e8 stato fatto un resoconto dei fronti aperti &#8220;che ad ora sono sotto controllo&#8221;, viene detto, direttamente al COC. <\/p>\n\n\n\n<p>Si sfoga il Sindaco &#8220;Non posso pensare che in citt\u00e0 si attivino in poche ore 6 fronti di fuoco \u2026 e non voglio neanche pensare che ci sia qualcuno che appicca fuoco alla sua citt\u00e0&#8230; non posso neanche immaginare che ci\u00f2 possa accadere.. ma la realt\u00e0 delle cose \u00e8 spiegata dai dati scientifici che escludono casi di autocombustione se non accidentali. Questo significa che per la maggior parte dei casi di tratta di incendi dolosi i cui autori verranno perseguiti come previsto per legge&#8221;. <\/p>\n\n\n\n<p>Stamattina il Sindaco ha aggiornato sullo stato della situazione:<\/p>\n\n\n\n<p>&#8220;Siamo stati costantemente in contatto con la Prefettura nell&#8217;ambito del Centro di Coordinamento e Soccorso, abbiamo effettuato collegamenti video con il Prefetto  alla presenza del Comandante dei Vigili del Fuoco, con il Direttore dell\u2019Azienda Regionale Foreste Demaniali e tutte le Forze Armate interessate a causa degli straordinari eventi che hanno toccato la nostra citt\u00e0 e l\u2019intera provincia. Abbiamo costantemente monitorato e dato risposte con gli strumenti che il Comune pu\u00f2 mettere in campo, grazie alle Associazioni  di volontariato e con le squadre delle societ\u00e0 partecipate in base alle situazioni che mano mano si innescavano cercando di limitare al massimo i disagi che questa condizione straordinaria ha posto in essere. Siamo in continuo e costante contatto con la Prefettura  e con tutti gli i soggetti interessati sperando che questa morsa che ha attanagliato la citt\u00e0 si concluda e si rientri presto alla normalit\u00e0&#8221;.<\/p>\n\n\n\n<p><strong>Michele Bruno.<\/strong><\/p>\n","protected":false},"excerpt":{"rendered":"<p>In questi giorni in citt\u00e0 si sono accesi sei focolai di incendi che hanno creato non pochi disagi in contrada Casazza &#8211; contrada Catanese- Mili San Pietro &#8211; Pace &#8211; Curcuraci &#8211; Tono. Ieri il sindaco di Messina, Federico Basile, ha annunciato l&#8217;apertura del COC (Il Centro operativo comunale di Protezione Civile) coordinato dall\u2019assessore Massimiliano [&hellip;]<\/p>\n","protected":false},"author":123457,"featured_media":164314,"comment_status":"open","ping_status":"open","sticky":false,"template":"","format":"standard","meta":{"ub_ctt_via":"","_mi_skip_tracking":false},"categories":[6],"tags":[4139,845,2753,2972,2134,128,2851,5977],"featured_image_src":"https:\/\/www.messinaoggi.it\/website\/wp-content\/uploads\/2023\/07\/FB_IMG_1690365134645.jpg","author_info":{"display_name":"Michele Bruno","author_link":"https:\/\/www.messinaoggi.it\/website\/author\/michele-bruno\/"},"digistream_id":0,"digistream":false,"_links":{"self":[{"href":"https:\/\/www.messinaoggi.it\/website\/wp-json\/wp\/v2\/posts\/164313"}],"collection":[{"href":"https:\/\/www.messinaoggi.it\/website\/wp-json\/wp\/v2\/posts"}],"about":[{"href":"https:\/\/www.messinaoggi.it\/website\/wp-json\/wp\/v2\/types\/post"}],"author":[{"embeddable":true,"href":"https:\/\/www.messinaoggi.it\/website\/wp-json\/wp\/v2\/users\/123457"}],"replies":[{"embeddable":true,"href":"https:\/\/www.messinaoggi.it\/website\/wp-json\/wp\/v2\/comments?post=164313"}],"version-history":[{"count":3,"href":"https:\/\/www.messinaoggi.it\/website\/wp-json\/wp\/v2\/posts\/164313\/revisions"}],"predecessor-version":[{"id":164384,"href":"https:\/\/www.messinaoggi.it\/website\/wp-json\/wp\/v2\/posts\/164313\/revisions\/164384"}],"wp:featuredmedia":[{"embeddable":true,"href":"https:\/\/www.messinaoggi.it\/website\/wp-json\/wp\/v2\/media\/164314"}],"wp:attachment":[{"href":"https:\/\/www.messinaoggi.it\/website\/wp-json\/wp\/v2\/media?parent=164313"}],"wp:term":[{"taxonomy":"category","embeddable":true,"href":"https:\/\/www.messinaoggi.it\/website\/wp-json\/wp\/v2\/categories?post=164313"},{"taxonomy":"post_tag","embeddable":true,"href":"https:\/\/www.messinaoggi.it\/website\/wp-json\/wp\/v2\/tags?post=164313"}],"curies":[{"name":"wp","href":"https:\/\/api.w.org\/{rel}","templated":true}]}}