{"id":163936,"date":"2023-07-23T21:00:28","date_gmt":"2023-07-23T19:00:28","guid":{"rendered":"http:\/\/www.messinaoggi.it\/website\/?p=163936"},"modified":"2023-07-23T21:00:35","modified_gmt":"2023-07-23T19:00:35","slug":"il-5-agosto-apre-la-galleria-letojanni-otto-anni-per-realizzarla","status":"publish","type":"post","link":"https:\/\/www.messinaoggi.it\/website\/2023\/07\/23\/il-5-agosto-apre-la-galleria-letojanni-otto-anni-per-realizzarla\/","title":{"rendered":"Il 5 agosto apre la galleria Letojanni: otto anni per realizzarla!"},"content":{"rendered":"\n<p>Dopo otto anni di calvario ed una serie infinita di problemi, sabato 5 agosto riapre la galleria Letojanni sull&#8217;A18 Messina-Catania. Parlare di inaugurazione suona come una beffa per le assurde lungaggini per realizzare il tunnel. Un momento da ricordare che metter\u00e0 la parola fine ai disagi di una circolazione a met\u00e0 che va avanti dal 4 ottobre del 2015, quando nella notte una frana (circa 50mila metri cubi di terra, roccia e arbusti) partita dalla collina fra le contrade Silemi e San Filippo, invase l\u2019autostrada all&#8217;altezza di Letojanni. Da allora, si circola in doppio senso solo lato mare. Adesso la galleria costruita a monte \u00e8 pronta. La strada verr\u00e0 riaperta per intero ma sar\u00e0 necessario eseguire altri lavori. In programma, infatti, anche la realizzazione di una paratia paramassi accanto alla galleria appena terminata. Un muro che sostiene l\u2019opera realizzata e protegge la carreggiata sotto dalla caduta di massi. Per questo, saranno necessari altri due mesi di cantiere e la carreggiata di valle andr\u00e0 chiusa. Da decidere se effettuare subito l\u2019intervento o molto pi\u00f9 probabile, aspettare la fine delle vacanze estive per non creare altri disagi. A stabilirlo, sar\u00e0 il Consorzio autostrade, ente gestore della &#8220;martoriata&#8221; A18.<div id=\"div-gpt-ad-Messinaoggi.it-DSK-300x250-corpoart\" style=\"text-align:center;margin:0 auto;\"><\/div><\/p>\n<div id=\"videoincontent\" style=\"clear:both\";><\/div>","protected":false},"excerpt":{"rendered":"<p>Dopo otto anni di calvario ed una serie infinita di problemi, sabato 5 agosto riapre la galleria Letojanni sull&#8217;A18 Messina-Catania. Parlare di inaugurazione suona come una beffa per le assurde lungaggini per realizzare il tunnel. Un momento da ricordare che metter\u00e0 la parola fine ai disagi di una circolazione a met\u00e0 che va avanti dal [&hellip;]<\/p>\n","protected":false},"author":4,"featured_media":150217,"comment_status":"open","ping_status":"open","sticky":false,"template":"","format":"standard","meta":{"ub_ctt_via":"","_mi_skip_tracking":false},"categories":[19],"tags":[575,580,7373],"featured_image_src":"https:\/\/www.messinaoggi.it\/website\/wp-content\/uploads\/2023\/04\/Lombardo-e-Croce-letojanni.jpeg","author_info":{"display_name":"redme","author_link":"https:\/\/www.messinaoggi.it\/website\/author\/redme\/"},"digistream_id":0,"digistream":false,"_links":{"self":[{"href":"https:\/\/www.messinaoggi.it\/website\/wp-json\/wp\/v2\/posts\/163936"}],"collection":[{"href":"https:\/\/www.messinaoggi.it\/website\/wp-json\/wp\/v2\/posts"}],"about":[{"href":"https:\/\/www.messinaoggi.it\/website\/wp-json\/wp\/v2\/types\/post"}],"author":[{"embeddable":true,"href":"https:\/\/www.messinaoggi.it\/website\/wp-json\/wp\/v2\/users\/4"}],"replies":[{"embeddable":true,"href":"https:\/\/www.messinaoggi.it\/website\/wp-json\/wp\/v2\/comments?post=163936"}],"version-history":[{"count":1,"href":"https:\/\/www.messinaoggi.it\/website\/wp-json\/wp\/v2\/posts\/163936\/revisions"}],"predecessor-version":[{"id":163937,"href":"https:\/\/www.messinaoggi.it\/website\/wp-json\/wp\/v2\/posts\/163936\/revisions\/163937"}],"wp:featuredmedia":[{"embeddable":true,"href":"https:\/\/www.messinaoggi.it\/website\/wp-json\/wp\/v2\/media\/150217"}],"wp:attachment":[{"href":"https:\/\/www.messinaoggi.it\/website\/wp-json\/wp\/v2\/media?parent=163936"}],"wp:term":[{"taxonomy":"category","embeddable":true,"href":"https:\/\/www.messinaoggi.it\/website\/wp-json\/wp\/v2\/categories?post=163936"},{"taxonomy":"post_tag","embeddable":true,"href":"https:\/\/www.messinaoggi.it\/website\/wp-json\/wp\/v2\/tags?post=163936"}],"curies":[{"name":"wp","href":"https:\/\/api.w.org\/{rel}","templated":true}]}}