{"id":163695,"date":"2023-07-21T11:21:52","date_gmt":"2023-07-21T09:21:52","guid":{"rendered":"http:\/\/www.messinaoggi.it\/website\/?p=163695"},"modified":"2023-07-21T14:03:20","modified_gmt":"2023-07-21T12:03:20","slug":"bimbo-cade-dal-balcone-e-grave","status":"publish","type":"post","link":"https:\/\/www.messinaoggi.it\/website\/2023\/07\/21\/bimbo-cade-dal-balcone-e-grave\/","title":{"rendered":"Bimbo cade dal balcone: \u00e8 grave"},"content":{"rendered":"\n<p>Questa mattina si \u00e8 verificato un incidente a Villafranca Tirrena. Un bambino di 6 anni, per delle cause ancora in fase di accertamento, \u00e8 caduto dal terrazzo della sua abitazione, sita in via Tomasi di Lampedusa. <div id=\"div-gpt-ad-Messinaoggi.it-DSK-300x250-corpoart\" style=\"text-align:center;margin:0 auto;\"><\/div><\/p>\n\n\n\n<p>Secondo le prime ricostruzioni, \u00e8 probabile che il bimbo sia sfuggito al controllo della madre, cadendo accidentalmente dal terrazzo.<div id=\"videoincontent\" style=\"clear:both\";><\/div><\/p>\n\n\n\n<p>Il bambino ha riportato delle ferite gravi, tali da richiedere l&#8217;immediato intervento di un elisoccorso che ha prontamente trasportato il piccolo al Policlinico di Messina. In particolare, \u00e8 stato ricoverato nel reparto di terapia intensiva per una frattura alla testa.<\/p>\n\n\n\n<p>La prognosi resta riservata, ma pare che il piccolo non sia in pericolo di vita.<\/p>\n","protected":false},"excerpt":{"rendered":"<p>Questa mattina si \u00e8 verificato un incidente a Villafranca Tirrena. Un bambino di 6 anni, per delle cause ancora in fase di accertamento, \u00e8 caduto dal terrazzo della sua abitazione, sita in via Tomasi di Lampedusa. Secondo le prime ricostruzioni, \u00e8 probabile che il bimbo sia sfuggito al controllo della madre, cadendo accidentalmente dal terrazzo. [&hellip;]<\/p>\n","protected":false},"author":8,"featured_media":41110,"comment_status":"open","ping_status":"open","sticky":false,"template":"","format":"standard","meta":{"ub_ctt_via":"","_mi_skip_tracking":false},"categories":[6],"tags":[74,556,4312],"featured_image_src":"https:\/\/www.messinaoggi.it\/website\/wp-content\/uploads\/2020\/03\/AFA502A0-DF23-49EE-887B-C8B5A7B995B4.jpeg","author_info":{"display_name":"red..me","author_link":"https:\/\/www.messinaoggi.it\/website\/author\/redstage\/"},"digistream_id":0,"digistream":false,"_links":{"self":[{"href":"https:\/\/www.messinaoggi.it\/website\/wp-json\/wp\/v2\/posts\/163695"}],"collection":[{"href":"https:\/\/www.messinaoggi.it\/website\/wp-json\/wp\/v2\/posts"}],"about":[{"href":"https:\/\/www.messinaoggi.it\/website\/wp-json\/wp\/v2\/types\/post"}],"author":[{"embeddable":true,"href":"https:\/\/www.messinaoggi.it\/website\/wp-json\/wp\/v2\/users\/8"}],"replies":[{"embeddable":true,"href":"https:\/\/www.messinaoggi.it\/website\/wp-json\/wp\/v2\/comments?post=163695"}],"version-history":[{"count":3,"href":"https:\/\/www.messinaoggi.it\/website\/wp-json\/wp\/v2\/posts\/163695\/revisions"}],"predecessor-version":[{"id":163705,"href":"https:\/\/www.messinaoggi.it\/website\/wp-json\/wp\/v2\/posts\/163695\/revisions\/163705"}],"wp:featuredmedia":[{"embeddable":true,"href":"https:\/\/www.messinaoggi.it\/website\/wp-json\/wp\/v2\/media\/41110"}],"wp:attachment":[{"href":"https:\/\/www.messinaoggi.it\/website\/wp-json\/wp\/v2\/media?parent=163695"}],"wp:term":[{"taxonomy":"category","embeddable":true,"href":"https:\/\/www.messinaoggi.it\/website\/wp-json\/wp\/v2\/categories?post=163695"},{"taxonomy":"post_tag","embeddable":true,"href":"https:\/\/www.messinaoggi.it\/website\/wp-json\/wp\/v2\/tags?post=163695"}],"curies":[{"name":"wp","href":"https:\/\/api.w.org\/{rel}","templated":true}]}}