{"id":163680,"date":"2023-07-21T10:09:07","date_gmt":"2023-07-21T08:09:07","guid":{"rendered":"http:\/\/www.messinaoggi.it\/website\/?p=163680"},"modified":"2023-07-21T10:09:11","modified_gmt":"2023-07-21T08:09:11","slug":"ospedale-santagata-sindacati-il-sindaco-non-lo-difende","status":"publish","type":"post","link":"https:\/\/www.messinaoggi.it\/website\/2023\/07\/21\/ospedale-santagata-sindacati-il-sindaco-non-lo-difende\/","title":{"rendered":"Ospedale Sant&#8217;Agata, sindacati &#8220;il Sindaco non lo difende&#8221;"},"content":{"rendered":"\n<p>\u201cAbbiamo appreso che il sindaco di Sant\u2019Agata di Militello Bruno Mancuso ha convocato una irrituale conferenza stampa per presentare, non si capisce a che titolo, \u201cl\u2019accordo di collaborazione tra la Fondazione Giglio e l\u2019ospedale di Sant\u2019Agata di Militello\u201d cos\u00ec esordiscono in una nota i sindacati Uil e Cgil. <div id=\"div-gpt-ad-Messinaoggi.it-DSK-300x250-corpoart\" style=\"text-align:center;margin:0 auto;\"><\/div><\/p>\n\n\n\n<p>&#8220;Al netto del non secondario aspetto formale legato al fatto che il comune di Sant\u2019Agata non ha competenze riguardo eventuali accordi nel mondo ospedaliero, \u00e8 oltremodo gravissimo che l\u2019amministrazione comunale di Sant\u2019Agata di Militello, invece di difendere il nosocomio e la sanit\u00e0 pubblica, si faccia portabandiera dello smantellamento del servizio sanitario pubblico che produrr\u00e0 gravissime conseguenze per i cittadini-utenti e per i lavoratori&#8221; continuano i sindacati.<div id=\"videoincontent\" style=\"clear:both\";><\/div><\/p>\n\n\n\n<p>&#8220;Del resto, nelle due partecipatissime manifestazioni dei mesi scorsi \u00e8 stato plastico ed evidente l\u2019assoluto imbarazzo del sindaco, della deputazione e dei politici che, in vista delle elezioni, non ebbero il coraggio di affermare il loro pensiero compiuto, vale a dire essere a favore della privatizzazione della sanit\u00e0 e addirittura dell\u2019ospedale. Oggi, con questi accordi, tutti gli attori in causa hanno palesemente gettato la maschera e, addirittura, sono i protagonisti i di una decisione che, ove dovesse attuarsi, affosser\u00e0 la sanit\u00e0 pubblica nel territorio nebroideo\u201d. Lo hanno affermato <strong>Pietro Patti<\/strong> e <strong>Ivan Tripodi<\/strong>, segretari generali di Cgil e Uil Messina, con <strong>Francesco Fucile<\/strong> e <strong>Antonio Trino,<\/strong> segretario generale e segretario provinciale della Fp Cgil, <strong>Livio Andronico<\/strong>, segretario generale Uil Fpl, e <strong>Pina Lontri<\/strong> e <strong>Pippo Calapai,<\/strong> segretari generali Spi Cgil e Uil Pensionati.<\/p>\n\n\n\n<p>\u201cNon \u00e8 questa la via per dare risposte ai cittadini e, infatti, contestiamo profondamente questa impostazione e la nefasta \u201cfilosofia\u201d che la sottende. In tal senso, ribadiamo che la via maestra \u00e8 quella di un serio rilancio della sanit\u00e0 pubblica e dell\u2019ospedale di Sant\u2019Agata di Militello attraverso ingenti investimenti economico-finanziari coniugati all\u2019indizione di concorsi per evitare l\u2019odierno stillicidio costruito ad arte per portare il presidio ospedaliero al collasso. La strategia era evidente da mesi e le complicit\u00e0 sono tante. La realt\u00e0 \u00e8 che si parla soltanto di chiusure di reparti e, al netto delle tante chiacchere, nessuno fa nulla per la riapertura del Punto nascita. Noi non ci arrendiamo e assumeremo ogni iniziativa per bloccare questo cinico disegno che risponde a logiche lontanissime dalle reali esigenze di salute dei cittadini-utenti. Sulle tantissime problematiche della sanit\u00e0 della provincia di Messina \u00e8 inaccettabile che l\u2019assessorato regionale alla salute continui a fare orecchie da mercante. E\u2019 venuto il momento dei fatti concreti e delle scelte che, a nostro avviso, devono andare nella direzione della salvaguardia e del rilancio della sanit\u00e0 pubblica contro ogni tentativo di privatizzazione che punta solo ed esclusivamente al profitto e agli utili\u201d hanno cos\u00ec concluso i sindacalisti di Cgil e Uil.<\/p>\n\n\n\n<p><\/p>\n","protected":false},"excerpt":{"rendered":"<p>\u201cAbbiamo appreso che il sindaco di Sant\u2019Agata di Militello Bruno Mancuso ha convocato una irrituale conferenza stampa per presentare, non si capisce a che titolo, \u201cl\u2019accordo di collaborazione tra la Fondazione Giglio e l\u2019ospedale di Sant\u2019Agata di Militello\u201d cos\u00ec esordiscono in una nota i sindacati Uil e Cgil. &#8220;Al netto del non secondario aspetto formale [&hellip;]<\/p>\n","protected":false},"author":15,"featured_media":143494,"comment_status":"open","ping_status":"open","sticky":false,"template":"","format":"standard","meta":{"ub_ctt_via":"","_mi_skip_tracking":false},"categories":[1],"tags":[2005,2002,3585,6870,6819,587,1338],"featured_image_src":"https:\/\/www.messinaoggi.it\/website\/wp-content\/uploads\/2023\/02\/Ospedale-SanAgata.png","author_info":{"display_name":"red.me","author_link":"https:\/\/www.messinaoggi.it\/website\/author\/red-me\/"},"digistream_id":0,"digistream":false,"_links":{"self":[{"href":"https:\/\/www.messinaoggi.it\/website\/wp-json\/wp\/v2\/posts\/163680"}],"collection":[{"href":"https:\/\/www.messinaoggi.it\/website\/wp-json\/wp\/v2\/posts"}],"about":[{"href":"https:\/\/www.messinaoggi.it\/website\/wp-json\/wp\/v2\/types\/post"}],"author":[{"embeddable":true,"href":"https:\/\/www.messinaoggi.it\/website\/wp-json\/wp\/v2\/users\/15"}],"replies":[{"embeddable":true,"href":"https:\/\/www.messinaoggi.it\/website\/wp-json\/wp\/v2\/comments?post=163680"}],"version-history":[{"count":1,"href":"https:\/\/www.messinaoggi.it\/website\/wp-json\/wp\/v2\/posts\/163680\/revisions"}],"predecessor-version":[{"id":163683,"href":"https:\/\/www.messinaoggi.it\/website\/wp-json\/wp\/v2\/posts\/163680\/revisions\/163683"}],"wp:featuredmedia":[{"embeddable":true,"href":"https:\/\/www.messinaoggi.it\/website\/wp-json\/wp\/v2\/media\/143494"}],"wp:attachment":[{"href":"https:\/\/www.messinaoggi.it\/website\/wp-json\/wp\/v2\/media?parent=163680"}],"wp:term":[{"taxonomy":"category","embeddable":true,"href":"https:\/\/www.messinaoggi.it\/website\/wp-json\/wp\/v2\/categories?post=163680"},{"taxonomy":"post_tag","embeddable":true,"href":"https:\/\/www.messinaoggi.it\/website\/wp-json\/wp\/v2\/tags?post=163680"}],"curies":[{"name":"wp","href":"https:\/\/api.w.org\/{rel}","templated":true}]}}