{"id":163670,"date":"2023-07-21T09:07:54","date_gmt":"2023-07-21T07:07:54","guid":{"rendered":"https:\/\/www.messinaoggi.it\/website\/2023\/07\/21\/zaki-grazie-italia-sono-felice\/"},"modified":"2023-07-21T09:40:29","modified_gmt":"2023-07-21T07:40:29","slug":"zaki-grazie-italia-sono-felice","status":"publish","type":"post","link":"https:\/\/www.messinaoggi.it\/website\/2023\/07\/21\/zaki-grazie-italia-sono-felice\/","title":{"rendered":"Zaki \u201cGrazie Italia, sono felice\u201d"},"content":{"rendered":"<div>ROMA (ITALPRESS) &#8211; &#8220;E&#8217; stato come andare sulle montagne russe. Ma ora posso finalmente dire che \u00e8 uno dei momenti pi\u00f9 belli della mia vita&#8221;. Cos\u00ec, in un&#8217;intervista al Corriere della Sera, Patrick Zaki, finalmente libero.<br \/>&#8220;Sono sollevato, decisamente &#8211; dice -. Avevo un macigno che mi impediva di respirare. Ci sono stati momenti in cui ho temuto che fosse tutto finito. Quando mi hanno portato di nuovo via dalla gabbia del Tribunale di Mansoura, mi sono sentito perduto. Nessuno poi mi ha detto cosa stesse capitando. Ma ho capito che si stava muovendo qualcosa. Sapevo che i miei avvocati e i miei colleghi della Eipr (la ong con cui Patrick collabora, ndr) stavano lavorando al mio caso. Ed ero consapevole che tutta la mia famiglia non mi avrebbe abbandonato, come del resto ha sempre fatto. Cos\u00ec come ho pensato che la stampa non mi avrebbe mollato proprio ora. E allora ho pensato che dovevo continuare a lottare e rimanere saldo&#8221;. Adesso, &#8220;sono ore convulse &#8211; spiega &#8211; e non ho ancora un piano preciso. So solo che voglio essere in Italia e a Bologna, sto programmando di arrivare gi\u00e0 sabato, passando da Milano. Trascorrer\u00f2 una breve vacanza con Reny prima di tornare in Egitto per finire di preparare la nostra casa e il matrimonio il prossimo settembre. Voglio rivedere tutti i miei colleghi dell&#8217;universit\u00e0, i miei compagni, voglio riabbracciare i miei amici. Ho tanto tempo da recuperare. Come ho spiegato subito dopo la laurea, voglio continuare il mio percorso accademico, voglio lavorare e scrivere&#8221;.<br \/>Alla domanda su quale sar\u00e0 la prima cosa che far\u00e0 arrivato in Italia, risponde ridendo: &#8220;Difficile scegliere. Vedere una partita di calcio, mangiare un piatto di pasta. E&#8217; un elenco lunghissimo. Ma avremo tempo. Prima di tutto per\u00f2 voglio abbracciare la mia professoressa Rita Monticelli&#8221;. Sapere che un&#8217;intera citt\u00e0, come Bologna lo sta aspettando, &#8220;mi scalda il cuore &#8211; sottolinea Zaki -. Sapere che torner\u00f2 in piazza Maggiore, dove organizzeremo una grande festa. E&#8217; l\u00ec che voglio essere, in una citt\u00e0 che mi ha fatto sentire tutto il suo affetto anche da lontano&#8221;. Le persone da ringraziare sono tante&#8230; &#8220;un elenco infinito. A partire dal governo di Roma e l&#8217;ambasciata italiana tutta, i delegati diplomatici che sono stati presenti a tutte le udienze dandomi appoggio, l&#8217;ambasciatore Michele Quaroni e il primo segretario Marco Cardoni. Ma anche la societ\u00e0 civile, Amnesty International che si \u00e8 battuta per me, l&#8217;Universit\u00e0 di Bologna, voi giornalisti che non mi avete lasciato solo e avete tenuta alta l&#8217;attenzione. E&#8217; un elenco lungo e sicuramente dimentico qualcuno. Una volta in Italia ringrazier\u00f2 tutti di persona&#8221;. &#8220;Voglio aggiungere un grazie &#8211; prosegue &#8211; ai componenti del Dialogo nazionale egiziano che hanno lanciato appelli per me negli ultimi due giorni e che hanno fatto anche altri sforzi per rendermi la libert\u00e0. Non era scontato. E per me \u00e8 stato importante sapere che anche nel mio Paese c&#8217;\u00e8 chi crede in me&#8221;.<br \/>In Egitto sono ancora migliaia gli oppositori in cella &#8220;spero che per tutti loro ci sia giustizia. E&#8217; una gioia che anche Mohamed al Baqer (l&#8217;avvocato arrestato nel 2019 insieme ad Alaa Abdel Fattah, attivista tra i pi\u00f9 importanti in Egitto, ndr) sia stato graziato&#8221;, dice Zaki, che poi aggiunge: &#8220;Mi hanno sempre preso in giro per il mio incrollabile ottimismo. Ma \u00e8 quello che mi ha tenuto in piedi anche nei momenti pi\u00f9 difficili&#8221;.<br \/>foto Agenzia Fotogramma<br \/>(ITALPRESS).<\/div>\n<div id=\"div-gpt-ad-Messinaoggi.it-DSK-300x250-corpoart\" style=\"text-align:center;margin:0 auto;\"><\/div><\/p><div id=\"videoincontent\" style=\"clear:both\";><\/div>","protected":false},"excerpt":{"rendered":"<p>ROMA (ITALPRESS) &#8211; &#8220;E&#8217; stato come andare sulle montagne russe. Ma ora posso finalmente dire che \u00e8 uno dei momenti pi\u00f9 belli della mia vita&#8221;. Cos\u00ec, in un&#8217;intervista al Corriere della Sera, Patrick Zaki, finalmente libero.&#8220;Sono sollevato, decisamente &#8211; dice -. Avevo un macigno che mi impediva di respirare. Ci sono stati momenti in cui [&hellip;]<\/p>\n","protected":false},"author":18,"featured_media":163671,"comment_status":"closed","ping_status":"closed","sticky":false,"template":"","format":"standard","meta":{"ub_ctt_via":"","_mi_skip_tracking":false},"categories":[446,6],"tags":[783],"featured_image_src":"https:\/\/www.messinaoggi.it\/website\/wp-content\/uploads\/2023\/07\/20230721_0075-300x208-1.jpg","author_info":{"display_name":"Admin","author_link":"https:\/\/www.messinaoggi.it\/website\/author\/admin\/"},"digistream_id":0,"digistream":false,"_links":{"self":[{"href":"https:\/\/www.messinaoggi.it\/website\/wp-json\/wp\/v2\/posts\/163670"}],"collection":[{"href":"https:\/\/www.messinaoggi.it\/website\/wp-json\/wp\/v2\/posts"}],"about":[{"href":"https:\/\/www.messinaoggi.it\/website\/wp-json\/wp\/v2\/types\/post"}],"author":[{"embeddable":true,"href":"https:\/\/www.messinaoggi.it\/website\/wp-json\/wp\/v2\/users\/18"}],"replies":[{"embeddable":true,"href":"https:\/\/www.messinaoggi.it\/website\/wp-json\/wp\/v2\/comments?post=163670"}],"version-history":[{"count":1,"href":"https:\/\/www.messinaoggi.it\/website\/wp-json\/wp\/v2\/posts\/163670\/revisions"}],"predecessor-version":[{"id":163676,"href":"https:\/\/www.messinaoggi.it\/website\/wp-json\/wp\/v2\/posts\/163670\/revisions\/163676"}],"wp:featuredmedia":[{"embeddable":true,"href":"https:\/\/www.messinaoggi.it\/website\/wp-json\/wp\/v2\/media\/163671"}],"wp:attachment":[{"href":"https:\/\/www.messinaoggi.it\/website\/wp-json\/wp\/v2\/media?parent=163670"}],"wp:term":[{"taxonomy":"category","embeddable":true,"href":"https:\/\/www.messinaoggi.it\/website\/wp-json\/wp\/v2\/categories?post=163670"},{"taxonomy":"post_tag","embeddable":true,"href":"https:\/\/www.messinaoggi.it\/website\/wp-json\/wp\/v2\/tags?post=163670"}],"curies":[{"name":"wp","href":"https:\/\/api.w.org\/{rel}","templated":true}]}}