{"id":163665,"date":"2023-07-20T19:30:26","date_gmt":"2023-07-20T17:30:26","guid":{"rendered":"http:\/\/www.messinaoggi.it\/website\/?p=163665"},"modified":"2023-07-21T08:37:35","modified_gmt":"2023-07-21T06:37:35","slug":"firmato-tra-fondazione-maxxi-comune-e-unime-protocollo-per-aprire-polo-museale-a-messina","status":"publish","type":"post","link":"https:\/\/www.messinaoggi.it\/website\/2023\/07\/20\/firmato-tra-fondazione-maxxi-comune-e-unime-protocollo-per-aprire-polo-museale-a-messina\/","title":{"rendered":"Firmato tra fondazione MAXXI, Comune e Unime protocollo per aprire polo museale a Messina"},"content":{"rendered":"\n<p>La fondazione MAXXI aprir\u00e0 un polo museale a Messina. \u00c8 stato siglato ieri, 20 luglio 2023, nella sede del Museo nazionale delle arti del XXI secolo a Roma, il protocollo d\u2019intesa tra il Comune di Messina, la Fondazione MAXXI e l\u2019Universit\u00e0 di Messina per la realizzazione a Messina di un nuovo polo museale di formazione e ricerca, denominato MAXXI Med. A firmare l\u2019accordo, presente la senatrice Dafne Musolino, il sindaco di Messina Federico Basile e il direttore generale dell\u2019ente Salvo Puccio; Alessandro Giuli, presidente della Fondazione MAXXI; e il rettore dell\u2019Ateneo messinese Salvatore Cuzzocrea.<div id=\"div-gpt-ad-Messinaoggi.it-DSK-300x250-corpoart\" style=\"text-align:center;margin:0 auto;\"><\/div><\/p>\n\n\n\n<p>\u201cLa collaborazione tra i firmatari dell\u2019accordo \u00e8 finalizzata alla nascita a Messina di MAXXI Med, un polo museale &#8211; dichiara il sindaco Basile &#8211; con l\u2019obiettivo di restituire alla citt\u00e0 il ruolo di baricentro del Mediterraneo nell\u2019ambito di un percorso fortemente voluto in questi ultimi anni di governo della citt\u00e0, amministrazione De Luca prima, e quella attuale della mio esecutivo, in cui Messina si appresta ad essere sempre pi\u00f9 protagonista attraverso una programmazione strategica di trasformazione e rigenerazione urbana. In quest\u2019ottica stiamo procedendo a significative sinergie interistituzionali e questa odierna \u2013 conclude Basile &#8211; avr\u00e0 un importante ruolo di promozione della cultura al fine di avere visibilit\u00e0 a livello internazionale\u201d.<div id=\"videoincontent\" style=\"clear:both\";><\/div><\/p>\n\n\n\n<p>Il MAXXI Med sorger\u00e0 nell&#8217;edifico di archeologia industriale denominato Torri Morandi, di propriet\u00e0 del Comune e a Villa Pace, di propriet\u00e0 dell&#8217;Universit\u00e0 di Messina. Il protocollo prevede, tra le attivit\u00e0 preliminari, la realizzazione di uno studio di fattibilit\u00e0 per il recupero e gli adeguamenti funzionali degli edifici, oltre alla collaborazione con istituzioni internazionali.<\/p>\n\n\n\n<p>Il nuovo polo museale sar\u00e0 dedicato alla scena artistica contemporanea del Mediterrano per esplorare e approfondire il patrimonio identitario comune e le culture dei Paesi che si affacciano sul Mare Nostrum, creando occasioni di confronto e scambio. A tal fine funger\u00e0 da centro di ricerca e di formazione per le nuove professionalit\u00e0 nel settore della cultura, quale museo ponte, al fine di facilitare il dialogo interculturale tra Europa, Maghreb e Medio Oriente attraverso il linguaggio universale dell&#8217;arte. La scelta della sede Torri Morandi ricade nella memoria storica della loro costruzione nel biennio 1954\/55 ad opera dell&#8217;ingegnere e strutturista Riccardo Morandi, realizzate in cemento armato precompresso e costituivano la parte terminale dell&#8217;elettrodotto che univa la Sicilia e la Calabria per permettere il passaggio dell\u2019energia elettrica dall&#8217;isola al continente.<\/p>\n\n\n\n<p>\u201cLe Torri, dismesse da circa 20 anni, attraverso un significativo intervento di rigenerazione urbana \u2013 aggiunge il direttore generale Puccio &#8211; si trasformeranno nella sede ideale di MAXXI Med, per propagare oggi non energia elettrica, bens\u00ec quell\u2019energia creativa dell&#8217;arte e dell&#8217;architettura del Meditrerraneo\u201d. Villa Pace, edificata nel 1853 rappresenta invece uno dei beni storici di maggiore rilievo della citt\u00e0, il primo nucleo esempio della tradizione delle dimore di villeggiatura extra moenia. Fortemente danneggiata dal terremotto del 1908 fu ricostruita nel 1915, circondata da un ampio parco con pregiate essenze vegetali mediterranee sar\u00e0 la sede ideale per ospitare artisti, corsi di alta formazione e centro di ricerca.<\/p>\n","protected":false},"excerpt":{"rendered":"<p>La fondazione MAXXI aprir\u00e0 un polo museale a Messina. \u00c8 stato siglato ieri, 20 luglio 2023, nella sede del Museo nazionale delle arti del XXI secolo a Roma, il protocollo d\u2019intesa tra il Comune di Messina, la Fondazione MAXXI e l\u2019Universit\u00e0 di Messina per la realizzazione a Messina di un nuovo polo museale di formazione [&hellip;]<\/p>\n","protected":false},"author":8,"featured_media":163666,"comment_status":"open","ping_status":"open","sticky":false,"template":"","format":"standard","meta":{"ub_ctt_via":"","_mi_skip_tracking":false},"categories":[5],"tags":[25,8391,8389,1947,814,8390],"featured_image_src":"https:\/\/www.messinaoggi.it\/website\/wp-content\/uploads\/2023\/07\/maxxi-roma.jpg","author_info":{"display_name":"red..me","author_link":"https:\/\/www.messinaoggi.it\/website\/author\/redstage\/"},"digistream_id":0,"digistream":false,"_links":{"self":[{"href":"https:\/\/www.messinaoggi.it\/website\/wp-json\/wp\/v2\/posts\/163665"}],"collection":[{"href":"https:\/\/www.messinaoggi.it\/website\/wp-json\/wp\/v2\/posts"}],"about":[{"href":"https:\/\/www.messinaoggi.it\/website\/wp-json\/wp\/v2\/types\/post"}],"author":[{"embeddable":true,"href":"https:\/\/www.messinaoggi.it\/website\/wp-json\/wp\/v2\/users\/8"}],"replies":[{"embeddable":true,"href":"https:\/\/www.messinaoggi.it\/website\/wp-json\/wp\/v2\/comments?post=163665"}],"version-history":[{"count":1,"href":"https:\/\/www.messinaoggi.it\/website\/wp-json\/wp\/v2\/posts\/163665\/revisions"}],"predecessor-version":[{"id":163667,"href":"https:\/\/www.messinaoggi.it\/website\/wp-json\/wp\/v2\/posts\/163665\/revisions\/163667"}],"wp:featuredmedia":[{"embeddable":true,"href":"https:\/\/www.messinaoggi.it\/website\/wp-json\/wp\/v2\/media\/163666"}],"wp:attachment":[{"href":"https:\/\/www.messinaoggi.it\/website\/wp-json\/wp\/v2\/media?parent=163665"}],"wp:term":[{"taxonomy":"category","embeddable":true,"href":"https:\/\/www.messinaoggi.it\/website\/wp-json\/wp\/v2\/categories?post=163665"},{"taxonomy":"post_tag","embeddable":true,"href":"https:\/\/www.messinaoggi.it\/website\/wp-json\/wp\/v2\/tags?post=163665"}],"curies":[{"name":"wp","href":"https:\/\/api.w.org\/{rel}","templated":true}]}}