{"id":163590,"date":"2023-07-20T15:43:50","date_gmt":"2023-07-20T13:43:50","guid":{"rendered":"http:\/\/www.messinaoggi.it\/website\/?p=163590"},"modified":"2023-07-20T15:43:51","modified_gmt":"2023-07-20T13:43:51","slug":"irccs-neurolesi-la-uil-fpl-dichiara-guerra-a-barone","status":"publish","type":"post","link":"https:\/\/www.messinaoggi.it\/website\/2023\/07\/20\/irccs-neurolesi-la-uil-fpl-dichiara-guerra-a-barone\/","title":{"rendered":"Irccs Neurolesi, la Uil-Fpl &#8220;dichiara&#8221; guerra a Barone"},"content":{"rendered":"\n<p>La Uil-Fpl, con una nota indirizzata al commissario straordinario dell\u2019Irccs-Neurolesi, all\u2019assessore regionale alla Salute dice no alla revoca degli incarichi di Coordinatore infermieristico\/riabilitazione\/tecnico. Il documento recante le firme di <strong>Livio Andronico<\/strong>, e <strong>Corrado Lamanna<\/strong>, rispettivamente segretario generale e coordinatore provinciale area medica della Uil-Fpl, \u00e8 stato indirizzato anche alla Procura della Repubblica.<div id=\"div-gpt-ad-Messinaoggi.it-DSK-300x250-corpoart\" style=\"text-align:center;margin:0 auto;\"><\/div><\/p>\n\n\n\n<figure class=\"wp-block-image size-large\"><img loading=\"lazy\" width=\"1280\" height=\"720\" src=\"http:\/\/www.messinaoggi.it\/website\/wp-content\/uploads\/2020\/03\/147B6DF5-FE10-4FC8-9B46-502832DEBF02.jpeg\" alt=\"\" class=\"wp-image-41519\"\/><figcaption><strong>La Uil-Fpl fa sul serio<\/strong><\/figcaption><\/figure>\n\n\n\n<p>\u201cLa scrivente organizzazione sindacale, presa visione della nota aziendale\u00a0 protocollo del 19\/07\/2023 avente per oggetto: \u2018Cessazione incarico di\u00a0 Coordinatore Infermieristico \/Riabilitazione\/Tecnico\u2019, inviata da codesta azienda con la\u00a0 quale ha disposto la cessazione dei predetti incarichi a far data dal 1. agosto 2023, assegnando ai vari Direttori di SS. CC. Semplici Dipartimentali, la responsabilit\u00e0 operativa gestionale delle funzioni derivanti dall&#8217;incarico di Coordinamento, esprime\u00a0 notevoli perplessit\u00e0 in merito alle decisioni poste in essere da codesta amministrazione. Infatti, le funzioni espletate dai Coordinatori, hanno rilevanza non solo\u00a0 sull&#8217;organizzazione del lavoro delle diverse UU.OO. ma anche nella gestione di\u00a0 importanti attivit\u00e0 di loro pertinenza che di seguito si elencano: organizzazione dell&#8217;assistenza infermieristica, tecnico sanitaria e riabilitativa; prevenzione collettiva di assistenza di base ed alberghiera dell&#8217;unita\u00a0 organizzativa; coordinamento organizzativo delle risorse umane\/gestione di risorse e\u00a0 processi lavorativi; programma, organizza e gestisce i piani di lavoro; programma, organizza e gestisce e valuta l&#8217;articolazione dei turni di servizio del\u00a0 personale assegnato e tante altre funzioni.<div id=\"videoincontent\" style=\"clear:both\";><\/div><\/p>\n\n\n\n<p>La Uil-Fpl ritiene che la decisione\u00a0 intrapresa \u00e8 alquanto improvvida in quanto potrebbe determinare un\u00a0 grave Caos organizzativo, che potrebbe avere refluenze negative non solo\u00a0 sull&#8217;organizzazione del lavoro ma anche sui cittadini utenti, che ricevono assistenza e cure da parte del personale sanitario del Presidio Ospedaliero IRCCS Neurolesi di\u00a0 Messina. Inoltre, l&#8217;azione amministrativa adottata da codesta azienda, \u00e8 completamente in\u00a0 contrasto con le linee organizzative delle altre aziende sanitarie messinesi, che per\u00a0 evitare il Caos Organizzativo derivante dalla revoca degli incarichi, hanno preferito\u00a0 mantenere gli incarichi fino al completamento delle nuove procedure selettive.\u00a0<\/p>\n\n\n\n<p>All&#8217;Assessorato Regionale alla Salute cui la presente nota \u00e8 indirizzata per\u00a0 conoscenza,\u00a0 si chiede di avviare un indagine ispettiva nei confronti del\u00a0 Commissario Straordinario dell&#8217;IRCCS di Messina che a nostro avviso non \u00e8 pi\u00f9 in\u00a0 grado di assolvere le funzioni nei confronti dei cittadini \/utenti.\u00a0 Pertanto, a nostro avviso per il Manager Barone, il tempo per svolgere la\u00a0 propria attivit\u00e0 amministrativa \u00e8 proprio finito, ma gi\u00e0 lo era durante il periodo Covid, per i fatti noti\u201d<\/p>\n\n\n\n<p>Conclude la nota dei dirigenti sindacali.<\/p>\n","protected":false},"excerpt":{"rendered":"<p>La Uil-Fpl, con una nota indirizzata al commissario straordinario dell\u2019Irccs-Neurolesi, all\u2019assessore regionale alla Salute dice no alla revoca degli incarichi di Coordinatore infermieristico\/riabilitazione\/tecnico. Il documento recante le firme di Livio Andronico, e Corrado Lamanna, rispettivamente segretario generale e coordinatore provinciale area medica della Uil-Fpl, \u00e8 stato indirizzato anche alla Procura della Repubblica. \u201cLa scrivente organizzazione [&hellip;]<\/p>\n","protected":false},"author":2,"featured_media":130354,"comment_status":"open","ping_status":"open","sticky":false,"template":"","format":"standard","meta":{"ub_ctt_via":"","_mi_skip_tracking":false},"categories":[6],"tags":[1942,933,2462,4124],"featured_image_src":"https:\/\/www.messinaoggi.it\/website\/wp-content\/uploads\/2022\/11\/0-5.jpg","author_info":{"display_name":"Redazione","author_link":"https:\/\/www.messinaoggi.it\/website\/author\/redazione\/"},"digistream_id":0,"digistream":false,"_links":{"self":[{"href":"https:\/\/www.messinaoggi.it\/website\/wp-json\/wp\/v2\/posts\/163590"}],"collection":[{"href":"https:\/\/www.messinaoggi.it\/website\/wp-json\/wp\/v2\/posts"}],"about":[{"href":"https:\/\/www.messinaoggi.it\/website\/wp-json\/wp\/v2\/types\/post"}],"author":[{"embeddable":true,"href":"https:\/\/www.messinaoggi.it\/website\/wp-json\/wp\/v2\/users\/2"}],"replies":[{"embeddable":true,"href":"https:\/\/www.messinaoggi.it\/website\/wp-json\/wp\/v2\/comments?post=163590"}],"version-history":[{"count":1,"href":"https:\/\/www.messinaoggi.it\/website\/wp-json\/wp\/v2\/posts\/163590\/revisions"}],"predecessor-version":[{"id":163591,"href":"https:\/\/www.messinaoggi.it\/website\/wp-json\/wp\/v2\/posts\/163590\/revisions\/163591"}],"wp:featuredmedia":[{"embeddable":true,"href":"https:\/\/www.messinaoggi.it\/website\/wp-json\/wp\/v2\/media\/130354"}],"wp:attachment":[{"href":"https:\/\/www.messinaoggi.it\/website\/wp-json\/wp\/v2\/media?parent=163590"}],"wp:term":[{"taxonomy":"category","embeddable":true,"href":"https:\/\/www.messinaoggi.it\/website\/wp-json\/wp\/v2\/categories?post=163590"},{"taxonomy":"post_tag","embeddable":true,"href":"https:\/\/www.messinaoggi.it\/website\/wp-json\/wp\/v2\/tags?post=163590"}],"curies":[{"name":"wp","href":"https:\/\/api.w.org\/{rel}","templated":true}]}}