{"id":163540,"date":"2023-07-20T08:16:47","date_gmt":"2023-07-20T06:16:47","guid":{"rendered":"http:\/\/www.messinaoggi.it\/website\/?p=163540"},"modified":"2023-07-20T08:16:48","modified_gmt":"2023-07-20T06:16:48","slug":"zaki-graziato-grande-soddisfazione-del-rettore-cuzzocrea","status":"publish","type":"post","link":"https:\/\/www.messinaoggi.it\/website\/2023\/07\/20\/zaki-graziato-grande-soddisfazione-del-rettore-cuzzocrea\/","title":{"rendered":"Zaki graziato, grande soddisfazione del rettore Cuzzocrea"},"content":{"rendered":"\n<p>La grazia del presidente egiziano Abdel Fattah al Sisi nei confronti di Patrick Zaki, studente egiziano dell&#8217;Universit\u00e0 di Bologna da quasi due anni detenuto in carcere per motivazioni politiche, \u00e8 stata accolta con entusiasmo dalla comunit\u00e0 accademica italiana. <div id=\"div-gpt-ad-Messinaoggi.it-DSK-300x250-corpoart\" style=\"text-align:center;margin:0 auto;\"><\/div><\/p>\n\n\n\n<p>\u201cSono molto felice \u2013 ha detto il rettore dell&#8217;Universit\u00e0 di Messina Salvatore Cuzzocrea &#8211; che si sia finalmente conclusa la triste vicenda che vedeva coinvolto lo studente, laureatosi peraltro nei giorni scorsi all\u2019Universit\u00e0 di Bologna.\u00a0<div id=\"videoincontent\" style=\"clear:both\";><\/div><\/p>\n\n\n\n<p>&#8220;Come si ricorder\u00e0 nel 2022 nel corso della cerimonia di Inaugurazione dell\u2019Anno Accademico, con un collegamento a sorpresa, era stato nostro gradito ospite, a testimonianza di quanto gi\u00e0 da allora avessimo a cuore la sua situazione che seguivamo e abbiamo seguito con grande attenzione nel corso di tutti questi anni. Oggi finalmente la bella notizia\u201d .<\/p>\n\n\n\n<p>La grazia nei confronti di Zaki \u00e8 arrivata subito dopo la condanna, in via definitiva, a 3 anni di reclusione da parte del Tribunale di Mansura, in Egitto. <\/p>\n","protected":false},"excerpt":{"rendered":"<p>La grazia del presidente egiziano Abdel Fattah al Sisi nei confronti di Patrick Zaki, studente egiziano dell&#8217;Universit\u00e0 di Bologna da quasi due anni detenuto in carcere per motivazioni politiche, \u00e8 stata accolta con entusiasmo dalla comunit\u00e0 accademica italiana. \u201cSono molto felice \u2013 ha detto il rettore dell&#8217;Universit\u00e0 di Messina Salvatore Cuzzocrea &#8211; che si sia [&hellip;]<\/p>\n","protected":false},"author":8,"featured_media":52784,"comment_status":"open","ping_status":"open","sticky":false,"template":"","format":"standard","meta":{"ub_ctt_via":"","_mi_skip_tracking":false},"categories":[7],"tags":[8382,1607,814],"featured_image_src":"https:\/\/www.messinaoggi.it\/website\/wp-content\/uploads\/2021\/02\/zaki.jpg","author_info":{"display_name":"red..me","author_link":"https:\/\/www.messinaoggi.it\/website\/author\/redstage\/"},"digistream_id":0,"digistream":false,"_links":{"self":[{"href":"https:\/\/www.messinaoggi.it\/website\/wp-json\/wp\/v2\/posts\/163540"}],"collection":[{"href":"https:\/\/www.messinaoggi.it\/website\/wp-json\/wp\/v2\/posts"}],"about":[{"href":"https:\/\/www.messinaoggi.it\/website\/wp-json\/wp\/v2\/types\/post"}],"author":[{"embeddable":true,"href":"https:\/\/www.messinaoggi.it\/website\/wp-json\/wp\/v2\/users\/8"}],"replies":[{"embeddable":true,"href":"https:\/\/www.messinaoggi.it\/website\/wp-json\/wp\/v2\/comments?post=163540"}],"version-history":[{"count":1,"href":"https:\/\/www.messinaoggi.it\/website\/wp-json\/wp\/v2\/posts\/163540\/revisions"}],"predecessor-version":[{"id":163541,"href":"https:\/\/www.messinaoggi.it\/website\/wp-json\/wp\/v2\/posts\/163540\/revisions\/163541"}],"wp:featuredmedia":[{"embeddable":true,"href":"https:\/\/www.messinaoggi.it\/website\/wp-json\/wp\/v2\/media\/52784"}],"wp:attachment":[{"href":"https:\/\/www.messinaoggi.it\/website\/wp-json\/wp\/v2\/media?parent=163540"}],"wp:term":[{"taxonomy":"category","embeddable":true,"href":"https:\/\/www.messinaoggi.it\/website\/wp-json\/wp\/v2\/categories?post=163540"},{"taxonomy":"post_tag","embeddable":true,"href":"https:\/\/www.messinaoggi.it\/website\/wp-json\/wp\/v2\/tags?post=163540"}],"curies":[{"name":"wp","href":"https:\/\/api.w.org\/{rel}","templated":true}]}}