{"id":16354,"date":"2018-03-02T19:55:03","date_gmt":"2018-03-02T18:55:03","guid":{"rendered":"http:\/\/www.messinaoggi.it\/website\/?p=16354"},"modified":"2018-03-02T19:55:03","modified_gmt":"2018-03-02T18:55:03","slug":"paura-a-piazza-del-popolo-grosso-ramo-si-schianta-a-terra-per-il-vento","status":"publish","type":"post","link":"https:\/\/www.messinaoggi.it\/website\/2018\/03\/02\/paura-a-piazza-del-popolo-grosso-ramo-si-schianta-a-terra-per-il-vento\/","title":{"rendered":"Paura a piazza del Popolo, grosso ramo si schianta a terra per il vento"},"content":{"rendered":"<p style=\"text-align: justify\">E\u2019 solo un caso se oggi a piazza del Popolo non si \u00e8 consumata una tragedia. Oggi pomeriggio, un grosso ramo si \u00e8 staccato da un imponente albero si \u00e8 schiantato al suolo per via del forte vento.<div id=\"div-gpt-ad-Messinaoggi.it-DSK-300x250-corpoart\" style=\"text-align:center;margin:0 auto;\"><\/div><\/p>\n<p style=\"text-align: justify\">In una zona solitamente trafficata da anziani e\u00a0 soprattutto bambini, che approfittano di quello spazio per giocare. Sul posto sono intervenuti i Vigili del Fuoco. Fortunatamente per\u00f2 nessuno \u00e8 stato colpito, di conseguenza non c\u2019\u00e8 stato alcun ferito. Fortunatamente si tratta solo dell\u2019ennesima tragedia sfiorata.<div id=\"videoincontent\" style=\"clear:both\";><\/div><\/p>\n","protected":false},"excerpt":{"rendered":"<p>E\u2019 solo un caso se oggi a piazza del Popolo non si \u00e8 consumata una tragedia. Oggi pomeriggio, un grosso ramo si \u00e8 staccato da un imponente albero si \u00e8 schiantato al suolo per via del forte vento. In una zona solitamente trafficata da anziani e\u00a0 soprattutto bambini, che approfittano di quello spazio per giocare. [&hellip;]<\/p>\n","protected":false},"author":14,"featured_media":16355,"comment_status":"closed","ping_status":"open","sticky":false,"template":"","format":"standard","meta":{"ub_ctt_via":"","_mi_skip_tracking":false},"categories":[5],"tags":[],"featured_image_src":"https:\/\/www.messinaoggi.it\/website\/wp-content\/uploads\/2018\/03\/28537538_10213758231703605_1611172633_n-1.jpg","author_info":{"display_name":"Antonio Macauda","author_link":"https:\/\/www.messinaoggi.it\/website\/author\/a-macauda\/"},"digistream_id":0,"digistream":false,"_links":{"self":[{"href":"https:\/\/www.messinaoggi.it\/website\/wp-json\/wp\/v2\/posts\/16354"}],"collection":[{"href":"https:\/\/www.messinaoggi.it\/website\/wp-json\/wp\/v2\/posts"}],"about":[{"href":"https:\/\/www.messinaoggi.it\/website\/wp-json\/wp\/v2\/types\/post"}],"author":[{"embeddable":true,"href":"https:\/\/www.messinaoggi.it\/website\/wp-json\/wp\/v2\/users\/14"}],"replies":[{"embeddable":true,"href":"https:\/\/www.messinaoggi.it\/website\/wp-json\/wp\/v2\/comments?post=16354"}],"version-history":[{"count":0,"href":"https:\/\/www.messinaoggi.it\/website\/wp-json\/wp\/v2\/posts\/16354\/revisions"}],"wp:featuredmedia":[{"embeddable":true,"href":"https:\/\/www.messinaoggi.it\/website\/wp-json\/wp\/v2\/media\/16355"}],"wp:attachment":[{"href":"https:\/\/www.messinaoggi.it\/website\/wp-json\/wp\/v2\/media?parent=16354"}],"wp:term":[{"taxonomy":"category","embeddable":true,"href":"https:\/\/www.messinaoggi.it\/website\/wp-json\/wp\/v2\/categories?post=16354"},{"taxonomy":"post_tag","embeddable":true,"href":"https:\/\/www.messinaoggi.it\/website\/wp-json\/wp\/v2\/tags?post=16354"}],"curies":[{"name":"wp","href":"https:\/\/api.w.org\/{rel}","templated":true}]}}