{"id":163338,"date":"2023-07-19T08:33:29","date_gmt":"2023-07-19T06:33:29","guid":{"rendered":"http:\/\/www.messinaoggi.it\/website\/?p=163338"},"modified":"2023-07-19T08:34:42","modified_gmt":"2023-07-19T06:34:42","slug":"estate-addosso-rinaldo-perche-non-autenticarsi-anche-con-la-carta-di-identita","status":"publish","type":"post","link":"https:\/\/www.messinaoggi.it\/website\/2023\/07\/19\/estate-addosso-rinaldo-perche-non-autenticarsi-anche-con-la-carta-di-identita\/","title":{"rendered":"Estate Addosso, Rinaldo: \u201cPerch\u00e9 non autenticarsi anche con la Carta di Identit\u00e0?\u201d"},"content":{"rendered":"\n<p>\u201cPerch\u00e9 oltre allo Spid non aggiungere la possibilit\u00e0 di autenticarsi anche tramite CIE (Carta di Identit\u00e0 Elettronica)?\u201d \u00c8 quanto chiede Raffaele Rinaldo, consigliere comunale del gruppo \u201cCon Cateno per De Luca\u201d, dopo la pubblicazione della nuova edizione di \u201cEstate Addosso\u201d, il progetto di borse di inclusione sociale rivolto ai giovani messinesi che risultano disoccupati o inoccupati da almeno un anno.<div id=\"div-gpt-ad-Messinaoggi.it-DSK-300x250-corpoart\" style=\"text-align:center;margin:0 auto;\"><\/div><\/p>\n\n\n\n<p>Rinaldo argomenta la sua richiesta facendo notare che l\u2019accesso al progetto, che si rivolge alle fasce economicamente pi\u00f9 deboli della popolazione messinese (giovani che non lavorano), dovrebbe essere garantito con quanti pi\u00f9 mezzi possibili, specie se gratuiti. Al riguardo, i giovani sprovvisti dello Spid dovranno pagare per creare la propria identit\u00e0 digitale, pagamento che invece non \u00e8 richiesto con la Carta Identit\u00e0 Elettronica.<div id=\"videoincontent\" style=\"clear:both\";><\/div><\/p>\n\n\n\n<p>\u201cI potenziali beneficiari che rientrano nel target del progetto sono proprio i giovani appartenenti alle fasce pi\u00f9 deboli e che come requisito principale di ammissione siano disoccupati o inoccupati da almeno un anno dal momento della presentazione della domanda all\u2019innovativa Borsa di Inclusione Sociale. Ecco perch\u00e9 &#8211; prosegue il consigliere Rinaldo &#8211; sarebbe opportuno far utilizzare un sistema che gi\u00e0 molti giovani hanno in loro possesso, come la nuova carta di identit\u00e0 che fornisce lo stesso livello di sicurezza di autenticazione digitale utilizzato ormai da molte amministrazioni pubbliche, senza il bisogno, per\u00f2, di doversi munire di Spid che generalmente \u00e8 fornito da molti gestori come servizio a pagamento.<\/p>\n\n\n\n<p>\u201cSono certo che la Messina Social City, sempre attenta anche alle pi\u00f9 piccole problematiche del territorio, potr\u00e0 accogliere in modo favorevole la richiesta, integrando gi\u00e0 da subito questa opzione\u201d.<\/p>\n","protected":false},"excerpt":{"rendered":"<p>\u201cPerch\u00e9 oltre allo Spid non aggiungere la possibilit\u00e0 di autenticarsi anche tramite CIE (Carta di Identit\u00e0 Elettronica)?\u201d \u00c8 quanto chiede Raffaele Rinaldo, consigliere comunale del gruppo \u201cCon Cateno per De Luca\u201d, dopo la pubblicazione della nuova edizione di \u201cEstate Addosso\u201d, il progetto di borse di inclusione sociale rivolto ai giovani messinesi che risultano disoccupati o [&hellip;]<\/p>\n","protected":false},"author":8,"featured_media":163339,"comment_status":"open","ping_status":"open","sticky":false,"template":"","format":"standard","meta":{"ub_ctt_via":"","_mi_skip_tracking":false},"categories":[4],"tags":[8372,6192,8373],"featured_image_src":"https:\/\/www.messinaoggi.it\/website\/wp-content\/uploads\/2023\/07\/carta-identita-elettronica-cie.jpg","author_info":{"display_name":"red..me","author_link":"https:\/\/www.messinaoggi.it\/website\/author\/redstage\/"},"digistream_id":0,"digistream":false,"_links":{"self":[{"href":"https:\/\/www.messinaoggi.it\/website\/wp-json\/wp\/v2\/posts\/163338"}],"collection":[{"href":"https:\/\/www.messinaoggi.it\/website\/wp-json\/wp\/v2\/posts"}],"about":[{"href":"https:\/\/www.messinaoggi.it\/website\/wp-json\/wp\/v2\/types\/post"}],"author":[{"embeddable":true,"href":"https:\/\/www.messinaoggi.it\/website\/wp-json\/wp\/v2\/users\/8"}],"replies":[{"embeddable":true,"href":"https:\/\/www.messinaoggi.it\/website\/wp-json\/wp\/v2\/comments?post=163338"}],"version-history":[{"count":2,"href":"https:\/\/www.messinaoggi.it\/website\/wp-json\/wp\/v2\/posts\/163338\/revisions"}],"predecessor-version":[{"id":163341,"href":"https:\/\/www.messinaoggi.it\/website\/wp-json\/wp\/v2\/posts\/163338\/revisions\/163341"}],"wp:featuredmedia":[{"embeddable":true,"href":"https:\/\/www.messinaoggi.it\/website\/wp-json\/wp\/v2\/media\/163339"}],"wp:attachment":[{"href":"https:\/\/www.messinaoggi.it\/website\/wp-json\/wp\/v2\/media?parent=163338"}],"wp:term":[{"taxonomy":"category","embeddable":true,"href":"https:\/\/www.messinaoggi.it\/website\/wp-json\/wp\/v2\/categories?post=163338"},{"taxonomy":"post_tag","embeddable":true,"href":"https:\/\/www.messinaoggi.it\/website\/wp-json\/wp\/v2\/tags?post=163338"}],"curies":[{"name":"wp","href":"https:\/\/api.w.org\/{rel}","templated":true}]}}