{"id":163293,"date":"2023-07-18T18:43:10","date_gmt":"2023-07-18T16:43:10","guid":{"rendered":"http:\/\/www.messinaoggi.it\/website\/?p=163293"},"modified":"2023-07-18T18:43:11","modified_gmt":"2023-07-18T16:43:11","slug":"acr-messina-domani-presentati-allenatore-e-ds","status":"publish","type":"post","link":"https:\/\/www.messinaoggi.it\/website\/2023\/07\/18\/acr-messina-domani-presentati-allenatore-e-ds\/","title":{"rendered":"Acr Messina, domani presentati allenatore e ds"},"content":{"rendered":"\n<p>Domani, alle ore 17,30, alla Marina di Nettuno, si terr\u00e0 la conferenza stampa di presentazione del nuovo allenatore dell\u2019Acr Messina, <strong>Giacomo Modica,<\/strong> e del nuivo direttore sportivo <strong>Domenico Roma.<\/strong><div id=\"div-gpt-ad-Messinaoggi.it-DSK-300x250-corpoart\" style=\"text-align:center;margin:0 auto;\"><\/div><\/p>\n\n\n\n<p>Si avvia la stagione del club biancoscudato con questo incontro di domani e con il prossimo Ritiro a San Giovanni in Fiore. Ormai decisi l&#8217;organigramma societario e la guida tecnica , il Messina \u00e8 pronto per imbastire il mercato, confermando i giocatori sotto contratto e ingaggiando sostituti per chi ha deciso di lasciare o \u00e8 tornato dal prestito.<div id=\"videoincontent\" style=\"clear:both\";><\/div><\/p>\n\n\n\n<p> Il Presidente <strong>Pietro Sciotto<\/strong> e il direttore sportivo sono gi\u00e0 al lavoro per questo, ed hanno gi\u00e0 in mente i prossimi colpi. Probabilmente anche di questo si parler\u00e0 domani. Da adesso si fa sul serio.<\/p>\n","protected":false},"excerpt":{"rendered":"<p>Domani, alle ore 17,30, alla Marina di Nettuno, si terr\u00e0 la conferenza stampa di presentazione del nuovo allenatore dell\u2019Acr Messina, Giacomo Modica, e del nuivo direttore sportivo Domenico Roma. Si avvia la stagione del club biancoscudato con questo incontro di domani e con il prossimo Ritiro a San Giovanni in Fiore. Ormai decisi l&#8217;organigramma societario [&hellip;]<\/p>\n","protected":false},"author":15,"featured_media":163294,"comment_status":"open","ping_status":"open","sticky":false,"template":"","format":"standard","meta":{"ub_ctt_via":"","_mi_skip_tracking":false},"categories":[10,9],"tags":[24,6810,6807,6806,8369,8287,99],"featured_image_src":"https:\/\/www.messinaoggi.it\/website\/wp-content\/uploads\/2023\/07\/Sciotto-e-Modica.jpeg","author_info":{"display_name":"red.me","author_link":"https:\/\/www.messinaoggi.it\/website\/author\/red-me\/"},"digistream_id":0,"digistream":false,"_links":{"self":[{"href":"https:\/\/www.messinaoggi.it\/website\/wp-json\/wp\/v2\/posts\/163293"}],"collection":[{"href":"https:\/\/www.messinaoggi.it\/website\/wp-json\/wp\/v2\/posts"}],"about":[{"href":"https:\/\/www.messinaoggi.it\/website\/wp-json\/wp\/v2\/types\/post"}],"author":[{"embeddable":true,"href":"https:\/\/www.messinaoggi.it\/website\/wp-json\/wp\/v2\/users\/15"}],"replies":[{"embeddable":true,"href":"https:\/\/www.messinaoggi.it\/website\/wp-json\/wp\/v2\/comments?post=163293"}],"version-history":[{"count":1,"href":"https:\/\/www.messinaoggi.it\/website\/wp-json\/wp\/v2\/posts\/163293\/revisions"}],"predecessor-version":[{"id":163295,"href":"https:\/\/www.messinaoggi.it\/website\/wp-json\/wp\/v2\/posts\/163293\/revisions\/163295"}],"wp:featuredmedia":[{"embeddable":true,"href":"https:\/\/www.messinaoggi.it\/website\/wp-json\/wp\/v2\/media\/163294"}],"wp:attachment":[{"href":"https:\/\/www.messinaoggi.it\/website\/wp-json\/wp\/v2\/media?parent=163293"}],"wp:term":[{"taxonomy":"category","embeddable":true,"href":"https:\/\/www.messinaoggi.it\/website\/wp-json\/wp\/v2\/categories?post=163293"},{"taxonomy":"post_tag","embeddable":true,"href":"https:\/\/www.messinaoggi.it\/website\/wp-json\/wp\/v2\/tags?post=163293"}],"curies":[{"name":"wp","href":"https:\/\/api.w.org\/{rel}","templated":true}]}}