{"id":16328,"date":"2018-03-02T11:13:23","date_gmt":"2018-03-02T10:13:23","guid":{"rendered":"http:\/\/www.messinaoggi.it\/website\/?p=16328"},"modified":"2018-03-02T11:13:23","modified_gmt":"2018-03-02T10:13:23","slug":"sanita-la-uil-fpl-lancia-lallarme-su-medicina-a-taormina-serve-altro-personale","status":"publish","type":"post","link":"https:\/\/www.messinaoggi.it\/website\/2018\/03\/02\/sanita-la-uil-fpl-lancia-lallarme-su-medicina-a-taormina-serve-altro-personale\/","title":{"rendered":"Sanit\u00e0, la Uil-Fpl lancia l&#039;allarme su Medicina. &quot;A Taormina serve altro personale&quot;"},"content":{"rendered":"<p>La Uil-Fpl di Messina, attraverso una nota indirizzata al Commissario dell\u2019Asp di Messina, chiede l\u2019immediato invio di due Dirigenti medici al reparto di Medicina del Sirina di Taormina, dove si registra una evidente carenza di personale. \u201cCom\u2019\u00e8 noto la vigente dotazione organica ha previsto che la Unit\u00e0 operativa di Medicina del Presidio Ospedaliero di Taormina, sia dotata di 20 + 2 posti letto. La predetta Unit\u00e0 operativa ha un tasso occupazionale di posti letto del 100% ed \u00e8 dotata della seguente dotazione organica: 6 Dirigenti Medici, 18 Infermieri, 1 Coordinatore Infermieristico, 3 Ausiliari, 5 OSS. Purtroppo dobbiamo rilevare che attualmente nella predetta U.O. sono presenti in servizio solo n\u00b0 2 Dirigenti Medici. Il suddetto personale Sanitario dovrebbe garantire non solo l\u2019attivit\u00e0 ordinaria ma anche quella d\u2019urgenza.\u00a0\u00a0 La grave carenza di personale, a parere di\u00a0\u00a0\u00a0\u00a0\u00a0 questa organizzazione sindacale deve essere immediatamente colmata almeno attraverso l\u2019invio di 2 Dirigenti Medici. In assenza di intervento immediato, il Commissario dovrebbe per senso di responsabilit\u00e0 chiudere temporaneamente tale struttura Sanitaria con le conseguenze e refluenze anche di natura giudiziaria che si possono facilmente immaginare\u201d.<br \/>\nE\u2019 quanto scrivono nella nota Pippo Calapai (Segretario generale Uil-Fpl Messina), Mario Macr\u00ec (Responsabile Area medica Uil-Fpl Messina), e Giovanni Caminiti (Segretario aziendale Uil-Fpl Messina Presidio ospedaliero Taornina)<br \/>\n <div id=\"div-gpt-ad-Messinaoggi.it-DSK-300x250-corpoart\" style=\"text-align:center;margin:0 auto;\"><\/div><\/p>\n<div id=\"videoincontent\" style=\"clear:both\";><\/div>","protected":false},"excerpt":{"rendered":"<p>La Uil-Fpl di Messina, attraverso una nota indirizzata al Commissario dell\u2019Asp di Messina, chiede l\u2019immediato invio di due Dirigenti medici al reparto di Medicina del Sirina di Taormina, dove si registra una evidente carenza di personale. \u201cCom\u2019\u00e8 noto la vigente dotazione organica ha previsto che la Unit\u00e0 operativa di Medicina del Presidio Ospedaliero di Taormina, [&hellip;]<\/p>\n","protected":false},"author":2,"featured_media":2273,"comment_status":"closed","ping_status":"open","sticky":false,"template":"","format":"standard","meta":{"ub_ctt_via":"","_mi_skip_tracking":false},"categories":[6,3],"tags":[],"featured_image_src":"https:\/\/www.messinaoggi.it\/website\/wp-content\/uploads\/2017\/06\/Sirina-Ospedale-2.jpg","author_info":{"display_name":"Redazione","author_link":"https:\/\/www.messinaoggi.it\/website\/author\/redazione\/"},"digistream_id":0,"digistream":false,"_links":{"self":[{"href":"https:\/\/www.messinaoggi.it\/website\/wp-json\/wp\/v2\/posts\/16328"}],"collection":[{"href":"https:\/\/www.messinaoggi.it\/website\/wp-json\/wp\/v2\/posts"}],"about":[{"href":"https:\/\/www.messinaoggi.it\/website\/wp-json\/wp\/v2\/types\/post"}],"author":[{"embeddable":true,"href":"https:\/\/www.messinaoggi.it\/website\/wp-json\/wp\/v2\/users\/2"}],"replies":[{"embeddable":true,"href":"https:\/\/www.messinaoggi.it\/website\/wp-json\/wp\/v2\/comments?post=16328"}],"version-history":[{"count":0,"href":"https:\/\/www.messinaoggi.it\/website\/wp-json\/wp\/v2\/posts\/16328\/revisions"}],"wp:featuredmedia":[{"embeddable":true,"href":"https:\/\/www.messinaoggi.it\/website\/wp-json\/wp\/v2\/media\/2273"}],"wp:attachment":[{"href":"https:\/\/www.messinaoggi.it\/website\/wp-json\/wp\/v2\/media?parent=16328"}],"wp:term":[{"taxonomy":"category","embeddable":true,"href":"https:\/\/www.messinaoggi.it\/website\/wp-json\/wp\/v2\/categories?post=16328"},{"taxonomy":"post_tag","embeddable":true,"href":"https:\/\/www.messinaoggi.it\/website\/wp-json\/wp\/v2\/tags?post=16328"}],"curies":[{"name":"wp","href":"https:\/\/api.w.org\/{rel}","templated":true}]}}