{"id":16326,"date":"2018-03-02T09:27:37","date_gmt":"2018-03-02T08:27:37","guid":{"rendered":"http:\/\/www.messinaoggi.it\/website\/?p=16326"},"modified":"2018-03-02T09:27:37","modified_gmt":"2018-03-02T08:27:37","slug":"ms5-strade-provinciali-disastrate-ma-pagato-un-miliardo-di-rca-auto","status":"publish","type":"post","link":"https:\/\/www.messinaoggi.it\/website\/2018\/03\/02\/ms5-strade-provinciali-disastrate-ma-pagato-un-miliardo-di-rca-auto\/","title":{"rendered":"Ms5: &quot;Strade provinciali disastrate, ma pagato un miliardo di Rca auto&quot;"},"content":{"rendered":"<p>Un miliardo di euro versato negli ultimi cinque anni dai siciliani con l&#8217;imposta aggiuntiva sulle assicurazioni auto, ma quasi nulla \u00e8 stato utilizzato per la manutenzione delle strade provinciali. \u00c8 il risultato di un accesso agli atti fatto dai deputati del M5s all&#8217;Assemblea regionale siciliana alle nove ex Province siciliane per capire come sono stati spesi i soldi derivanti dalle imposte aggiuntive sulle Rca, che un decreto legislativo del 2011 assegna alle ex Province a partire dal 2012.<br \/>\n&#8220;Un paio di ex Province &#8211; afferma il deputato M5S Giovanni Di Caro &#8211; devono ancora risponderci ma dai documenti inviatici risulta che solo\u00a0Messina\u00a0ha fatto qualche intervento in tal senso. Per il resto le somme sono state impegnate per altro. Il risultato \u00e8 che ci ritroviamo una rete stradale che dire da Terzo mondo \u00e8 un eufemismo, con strade addirittura spazzate via dall&#8217;incuria e da fenomeni franosi.<br \/>\nNemmeno nel Burundi ci sono strade come da noi &#8211; attacca il pentastellato &#8211; e questo si riflette pesantemente nella vita quotidiana dei siciliani e nell&#8217;economia delle imprese e uccide qualsiasi velleit\u00e0 di promozione turistica. \u00c8 vero che in alcun modo le somme versate con le Rca auto sono vincolate alla manutenzione delle strade, ma \u00e8 anche vero che ragionevolezza vorrebbe che un tributo derivante dai veicoli fosse indirizzato alla cura degli assi viari&#8221;.<br \/>\nA peggiorare le cose \u00e8 arrivato il prelievo forzoso statale che ha peggiorato le condizioni delle casse delle ex Province per ripianare il deficit statale. &#8220;Noi non ci stiamo &#8211; dice Di Caro -. Per questo agiremo su due fronti: da un lato con una mozione a livello regionale che impegni il governo Musumeci a vincolare le somme derivanti dalle imposte sulle Rca auto alla manutenzione stradale, salvaguardando le somme destinate alla cura e al sostegno dei disabili, dall&#8217;altro, a livello nazionale, facendo inserire nella prossima finanziaria ai nostri parlamentari a Roma un emendamento che impedisca il prelievo forzoso statale su queste somme&#8221;.<div id=\"div-gpt-ad-Messinaoggi.it-DSK-300x250-corpoart\" style=\"text-align:center;margin:0 auto;\"><\/div><\/p>\n<div id=\"videoincontent\" style=\"clear:both\";><\/div>","protected":false},"excerpt":{"rendered":"<p>Un miliardo di euro versato negli ultimi cinque anni dai siciliani con l&#8217;imposta aggiuntiva sulle assicurazioni auto, ma quasi nulla \u00e8 stato utilizzato per la manutenzione delle strade provinciali. \u00c8 il risultato di un accesso agli atti fatto dai deputati del M5s all&#8217;Assemblea regionale siciliana alle nove ex Province siciliane per capire come sono stati [&hellip;]<\/p>\n","protected":false},"author":2,"featured_media":1999,"comment_status":"closed","ping_status":"open","sticky":false,"template":"","format":"standard","meta":{"ub_ctt_via":"","_mi_skip_tracking":false},"categories":[11],"tags":[],"featured_image_src":"https:\/\/www.messinaoggi.it\/website\/wp-content\/uploads\/2017\/06\/ponte-gallo-ingresso-tangenziale-autostrada-2.jpg","author_info":{"display_name":"Redazione","author_link":"https:\/\/www.messinaoggi.it\/website\/author\/redazione\/"},"digistream_id":0,"digistream":false,"_links":{"self":[{"href":"https:\/\/www.messinaoggi.it\/website\/wp-json\/wp\/v2\/posts\/16326"}],"collection":[{"href":"https:\/\/www.messinaoggi.it\/website\/wp-json\/wp\/v2\/posts"}],"about":[{"href":"https:\/\/www.messinaoggi.it\/website\/wp-json\/wp\/v2\/types\/post"}],"author":[{"embeddable":true,"href":"https:\/\/www.messinaoggi.it\/website\/wp-json\/wp\/v2\/users\/2"}],"replies":[{"embeddable":true,"href":"https:\/\/www.messinaoggi.it\/website\/wp-json\/wp\/v2\/comments?post=16326"}],"version-history":[{"count":0,"href":"https:\/\/www.messinaoggi.it\/website\/wp-json\/wp\/v2\/posts\/16326\/revisions"}],"wp:featuredmedia":[{"embeddable":true,"href":"https:\/\/www.messinaoggi.it\/website\/wp-json\/wp\/v2\/media\/1999"}],"wp:attachment":[{"href":"https:\/\/www.messinaoggi.it\/website\/wp-json\/wp\/v2\/media?parent=16326"}],"wp:term":[{"taxonomy":"category","embeddable":true,"href":"https:\/\/www.messinaoggi.it\/website\/wp-json\/wp\/v2\/categories?post=16326"},{"taxonomy":"post_tag","embeddable":true,"href":"https:\/\/www.messinaoggi.it\/website\/wp-json\/wp\/v2\/tags?post=16326"}],"curies":[{"name":"wp","href":"https:\/\/api.w.org\/{rel}","templated":true}]}}