{"id":16309,"date":"2018-03-01T20:39:37","date_gmt":"2018-03-01T19:39:37","guid":{"rendered":"http:\/\/www.messinaoggi.it\/website\/?p=16309"},"modified":"2018-03-01T20:39:37","modified_gmt":"2018-03-01T19:39:37","slug":"allievi-valdinisi-campione-provinciale-del-girone-b-di-messina","status":"publish","type":"post","link":"https:\/\/www.messinaoggi.it\/website\/2018\/03\/01\/allievi-valdinisi-campione-provinciale-del-girone-b-di-messina\/","title":{"rendered":"Allievi, Valdinisi campione provinciale del girone B di Messina"},"content":{"rendered":"<p style=\"text-align: justify\">La formazione &#8220;<em>Allievi Provinciali<\/em>&#8221; della Valdinisi Calcio conquista, con una giornata d&#8217;anticipo, la matematica certezza del primato nel girone B del torneo organizzato dalla Delegazione della Figc Messina. Moderata soddisfazione da parte denelle parole del Responsabile del Settore Giovanile, Fabio Renzo: &#8220;<em>Siamo consapevoli che l&#8217;obiettivo qualificazione era alla nostra portata. Siamo partiti benissimo con 7 vittorie di fila, poi ci siamo illusi di essere invincibili ed abbiamo pagato a caro prezzo la cosa sprecando il margine di vantaggio accumulato. I ragazzi sono stati superlativi nel big match contro lo Sporting Atene, ma ora vanno evitati cali di tensione. Il cammino \u00e8 ancora lunghissimo ed adesso si vedr\u00e0 chi ha i numeri per arrivare in fondo. Non c&#8217;\u00e8 nulla da festeggiare, ma solo testa bassa e lavorare con costanza ed umilt\u00e0. Conosco il girone tirrenico e so che saranno partite impegnative. I ragazzi e lo Staff stanno gi\u00e0 preparando il prossimo impegno perch\u00e8 sanno bene di non aver ancora vinto nulla. La societ\u00e0 ha molta fiducia nel nostro lavoro e vogliamo ricambiarla con prestazioni sul campo all&#8217;altezza<\/em>&#8220;.<div id=\"div-gpt-ad-Messinaoggi.it-DSK-300x250-corpoart\" style=\"text-align:center;margin:0 auto;\"><\/div><\/p>\n<p style=\"text-align: justify\">\n<div id=\"videoincontent\" style=\"clear:both\";><\/div>","protected":false},"excerpt":{"rendered":"<p>La formazione &#8220;Allievi Provinciali&#8221; della Valdinisi Calcio conquista, con una giornata d&#8217;anticipo, la matematica certezza del primato nel girone B del torneo organizzato dalla Delegazione della Figc Messina. Moderata soddisfazione da parte denelle parole del Responsabile del Settore Giovanile, Fabio Renzo: &#8220;Siamo consapevoli che l&#8217;obiettivo qualificazione era alla nostra portata. Siamo partiti benissimo con 7 [&hellip;]<\/p>\n","protected":false},"author":2,"featured_media":16310,"comment_status":"closed","ping_status":"open","sticky":false,"template":"","format":"standard","meta":{"ub_ctt_via":"","_mi_skip_tracking":false},"categories":[10,9],"tags":[],"featured_image_src":"https:\/\/www.messinaoggi.it\/website\/wp-content\/uploads\/2018\/03\/Renzo-Fabio-1.jpg","author_info":{"display_name":"Redazione","author_link":"https:\/\/www.messinaoggi.it\/website\/author\/redazione\/"},"digistream_id":0,"digistream":false,"_links":{"self":[{"href":"https:\/\/www.messinaoggi.it\/website\/wp-json\/wp\/v2\/posts\/16309"}],"collection":[{"href":"https:\/\/www.messinaoggi.it\/website\/wp-json\/wp\/v2\/posts"}],"about":[{"href":"https:\/\/www.messinaoggi.it\/website\/wp-json\/wp\/v2\/types\/post"}],"author":[{"embeddable":true,"href":"https:\/\/www.messinaoggi.it\/website\/wp-json\/wp\/v2\/users\/2"}],"replies":[{"embeddable":true,"href":"https:\/\/www.messinaoggi.it\/website\/wp-json\/wp\/v2\/comments?post=16309"}],"version-history":[{"count":0,"href":"https:\/\/www.messinaoggi.it\/website\/wp-json\/wp\/v2\/posts\/16309\/revisions"}],"wp:featuredmedia":[{"embeddable":true,"href":"https:\/\/www.messinaoggi.it\/website\/wp-json\/wp\/v2\/media\/16310"}],"wp:attachment":[{"href":"https:\/\/www.messinaoggi.it\/website\/wp-json\/wp\/v2\/media?parent=16309"}],"wp:term":[{"taxonomy":"category","embeddable":true,"href":"https:\/\/www.messinaoggi.it\/website\/wp-json\/wp\/v2\/categories?post=16309"},{"taxonomy":"post_tag","embeddable":true,"href":"https:\/\/www.messinaoggi.it\/website\/wp-json\/wp\/v2\/tags?post=16309"}],"curies":[{"name":"wp","href":"https:\/\/api.w.org\/{rel}","templated":true}]}}