{"id":162993,"date":"2023-07-15T19:47:46","date_gmt":"2023-07-15T17:47:46","guid":{"rendered":"http:\/\/www.messinaoggi.it\/website\/?p=162993"},"modified":"2023-07-15T19:47:54","modified_gmt":"2023-07-15T17:47:54","slug":"ondate-di-calore-allerta-rossa-a-messina-rischio-incendi-elevato","status":"publish","type":"post","link":"https:\/\/www.messinaoggi.it\/website\/2023\/07\/15\/ondate-di-calore-allerta-rossa-a-messina-rischio-incendi-elevato\/","title":{"rendered":"Ondate di calore, allerta rossa a Messina. Rischio incendi elevato"},"content":{"rendered":"\n<p>Allerta rossa per Rischio ondate di Calore nelle citt\u00e0 di Palermo, Catania e Messina.<br>L L\u2019avviso regionale di protezione civile per rischio incendi e ondate di calore indica per domani domenica 16 luglio 2023, pericolosit\u00e0 incendi MEDIA su Palermo, Agrigento, Caltanissetta, Enna, Catania e Allerta Rossa a causa del forte caldo per le tre citt\u00e0 metropolitane.<div id=\"div-gpt-ad-Messinaoggi.it-DSK-300x250-corpoart\" style=\"text-align:center;margin:0 auto;\"><\/div><\/p>\n\n\n\n<p>\u201cIl volontariato di Protezione civile \u00e8 attivato sul fronte della prevenzione e dello spegnimento degli incendi a supporto del corpo forestale della Regione siciliana e dei Vigili del Fuoco ma non far\u00e0 mancare, se necessario, la sua presenza per assicurare le attivit\u00e0 di assistenza alla popolazione pi\u00f9 fragile\u201d,<br>lo dichiara il Direttore Generale della Protezione Civile SIciliana, ing. Salvo Cocina.<br>\u201cSi raccomanda ai sindaci &#8211; aggiunge il Capo della Protezione civile &#8211; l&#8217;attivazione delle fasi operative previste nei piani comunali di emergenza. E&#8217; necessario attivare i Presidi Operativi indicati dai piani di emergenza, mantenendo in allerta i responsabili delle funzioni tecniche di valutazione, di pianificazione e di assistenza per tutta la durata del fenomeno delle alte temperature che perdurer\u00e0 nei prossimi giorni.<br>Il forte caldo mette a rischio la popolazione vulnerabile. Gli incendi possono propagarsi con estrema rapidit\u00e0 a causa delle alte temperature dell\u2019aria e del suolo&#8221;.<div id=\"videoincontent\" style=\"clear:both\";><\/div><\/p>\n","protected":false},"excerpt":{"rendered":"<p>Allerta rossa per Rischio ondate di Calore nelle citt\u00e0 di Palermo, Catania e Messina.L L\u2019avviso regionale di protezione civile per rischio incendi e ondate di calore indica per domani domenica 16 luglio 2023, pericolosit\u00e0 incendi MEDIA su Palermo, Agrigento, Caltanissetta, Enna, Catania e Allerta Rossa a causa del forte caldo per le tre citt\u00e0 metropolitane. [&hellip;]<\/p>\n","protected":false},"author":4,"featured_media":22802,"comment_status":"open","ping_status":"open","sticky":false,"template":"","format":"standard","meta":{"ub_ctt_via":"","_mi_skip_tracking":false},"categories":[19],"tags":[1494,2134,2851],"featured_image_src":"https:\/\/www.messinaoggi.it\/website\/wp-content\/uploads\/2018\/08\/caldo-estate-1.jpg","author_info":{"display_name":"redme","author_link":"https:\/\/www.messinaoggi.it\/website\/author\/redme\/"},"digistream_id":0,"digistream":false,"_links":{"self":[{"href":"https:\/\/www.messinaoggi.it\/website\/wp-json\/wp\/v2\/posts\/162993"}],"collection":[{"href":"https:\/\/www.messinaoggi.it\/website\/wp-json\/wp\/v2\/posts"}],"about":[{"href":"https:\/\/www.messinaoggi.it\/website\/wp-json\/wp\/v2\/types\/post"}],"author":[{"embeddable":true,"href":"https:\/\/www.messinaoggi.it\/website\/wp-json\/wp\/v2\/users\/4"}],"replies":[{"embeddable":true,"href":"https:\/\/www.messinaoggi.it\/website\/wp-json\/wp\/v2\/comments?post=162993"}],"version-history":[{"count":1,"href":"https:\/\/www.messinaoggi.it\/website\/wp-json\/wp\/v2\/posts\/162993\/revisions"}],"predecessor-version":[{"id":162994,"href":"https:\/\/www.messinaoggi.it\/website\/wp-json\/wp\/v2\/posts\/162993\/revisions\/162994"}],"wp:featuredmedia":[{"embeddable":true,"href":"https:\/\/www.messinaoggi.it\/website\/wp-json\/wp\/v2\/media\/22802"}],"wp:attachment":[{"href":"https:\/\/www.messinaoggi.it\/website\/wp-json\/wp\/v2\/media?parent=162993"}],"wp:term":[{"taxonomy":"category","embeddable":true,"href":"https:\/\/www.messinaoggi.it\/website\/wp-json\/wp\/v2\/categories?post=162993"},{"taxonomy":"post_tag","embeddable":true,"href":"https:\/\/www.messinaoggi.it\/website\/wp-json\/wp\/v2\/tags?post=162993"}],"curies":[{"name":"wp","href":"https:\/\/api.w.org\/{rel}","templated":true}]}}