{"id":16299,"date":"2018-03-01T15:45:25","date_gmt":"2018-03-01T14:45:25","guid":{"rendered":"http:\/\/www.messinaoggi.it\/website\/?p=16299"},"modified":"2018-03-01T15:45:25","modified_gmt":"2018-03-01T14:45:25","slug":"verso-la-politiche-marina-trimarchi-ecco-perche-ho-scelto-la-rivoluzione-del-buon-senso-di-salvini","status":"publish","type":"post","link":"https:\/\/www.messinaoggi.it\/website\/2018\/03\/01\/verso-la-politiche-marina-trimarchi-ecco-perche-ho-scelto-la-rivoluzione-del-buon-senso-di-salvini\/","title":{"rendered":"Verso la Politiche, Marina Trimarchi: &quot;Ecco perch\u00e8 ho scelto la rivoluzione del buon senso di Salvini&quot;"},"content":{"rendered":"<p>43 anni, docente di Fisica Nucleare e senatrice accademica all\u2019Universit\u00e0 degli Studi Messina ed una gran voglia di cambiare le cose. Ecco Marina Trimarchi, candidata della Lega alla Camera dei Deputati nel collegio di Messina, Barcellona Pozzo di Gotto ed Enna.<br \/>\n<strong>-Prof.ssa Trimarchi, gli ambienti accademici messinesi sembrano orientati nettamente verso il Partito Democratico, la sua candidatura sembra essere di rottura. E&#8217; cos\u00ec?<\/strong><br \/>\nLa mia candidatura nasce dal mio attivismo nell&#8217;ambito di una comunit\u00e0 militante di destra, e poco o nulla ha a che fare col mio lavoro all&#8217;universit\u00e0. Pertanto dal mio punto di vista non \u00e8 in contrapposizione con quella del prof.Navarra.<br \/>\n <br \/>\n<strong>-Il tema principale della campagna elettorale della Lega \u00e8 la gestione dell&#8217;immigrazione, come giudica la gestione dell&#8217;amministrazione Accorinti?<\/strong><br \/>\nApprossimativa. Non vedo una linea programmatica, e ritengo che si limiti ad una gestione dell&#8217;accoglienza, senza un vero e proprio progetto di integrazione a lungo termine. Inoltre non condivido assolutamente la gestione dell&#8217;hot spot di Bisconte.\u00a0 La struttura si trova sull&#8217;alveo di un torrente\u00a0ed \u00e8 stata collocata in un quartiere che necessitava e necessita di una profonda rigenerazione e riqualificazione.<br \/>\n&#8211; F<strong>inalmente in questa campagna elettorale ci si sta concentrando in modo chiaro sulla carenza infrastrutturale del nostro territorio. In caso di vittoria del centrodestra vede fattibile la realizzazione del Ponte?<\/strong><br \/>\nCome ha detto anche Matteo Salvini durante la sua visita in citt\u00e0, il ponte si potrebbe fare qualora fosse economicamente sostenibile, ma prima \u00e8 necessario pensare alle strade, alle autostrade ed alle ferrovie. Personalmente non mi interessa guadagnare qualche minuto per raggiungere Reggio Calabria, \u00a0vorrei non dover impiegare 10 ore di treno per raggiungere Trapani.<br \/>\n&#8211; <strong>Parliamo del partito, Salvini con la creazione di una realt\u00e0 nazionale ha chiuso la pagina della &#8220;Padania indipendente&#8221; aprendo le porte della Lega anche al meridione. Secondo lei cosa pu\u00f2 dare al nostro territorio?<\/strong><br \/>\nPu\u00f2 dare moltissimo: la lega ha dimostrato di saper amministrare molto bene nei comuni del nord, di saper stare vicino ai lavoratori, e di saper valorizzare le autonomie locali. A prescindere dai pregiudizi, il nuovo progetto nazionale della lega pu\u00f2 essere la svolta anche per il meridione.<br \/>\n&#8211; <strong>Da sinistra la Lega viene visto come il pericolo numero uno, in queste settimane il livello di scontro ideologico \u00e8 diventato molto pi\u00f9 pesante rispetto al passato, teme che questo possa spostare il voto verso il centro?<\/strong><br \/>\nLa sinistra sta gonfiando lo scontro ideologico per spostare il livello del confronto, e per non ammettere il fallimento della politica degli ultimi anni. Il trucco per\u00f2 \u00e8 vecchio e gli elettori non ci cascano pi\u00f9 : c&#8217;\u00e8 una fortissima voglia di cambiamento, \u00a0ed il programma della lega risponde a moltissime delle esigenze del popolo. vIl voto al centro oggi non ha senso, \u00a0c&#8217;\u00e8 bisogno di una rivoluzione, ma fatta con buon senso, \u00a0per riportare gli interessi dei cittadini italiani al primo posto.<div id=\"div-gpt-ad-Messinaoggi.it-DSK-300x250-corpoart\" style=\"text-align:center;margin:0 auto;\"><\/div><\/p>\n<div id=\"videoincontent\" style=\"clear:both\";><\/div>","protected":false},"excerpt":{"rendered":"<p>43 anni, docente di Fisica Nucleare e senatrice accademica all\u2019Universit\u00e0 degli Studi Messina ed una gran voglia di cambiare le cose. Ecco Marina Trimarchi, candidata della Lega alla Camera dei Deputati nel collegio di Messina, Barcellona Pozzo di Gotto ed Enna. -Prof.ssa Trimarchi, gli ambienti accademici messinesi sembrano orientati nettamente verso il Partito Democratico, la [&hellip;]<\/p>\n","protected":false},"author":2,"featured_media":16302,"comment_status":"closed","ping_status":"open","sticky":false,"template":"","format":"standard","meta":{"ub_ctt_via":"","_mi_skip_tracking":false},"categories":[6],"tags":[],"featured_image_src":"https:\/\/www.messinaoggi.it\/website\/wp-content\/uploads\/2018\/03\/trimarchi-1.jpg","author_info":{"display_name":"Redazione","author_link":"https:\/\/www.messinaoggi.it\/website\/author\/redazione\/"},"digistream_id":0,"digistream":false,"_links":{"self":[{"href":"https:\/\/www.messinaoggi.it\/website\/wp-json\/wp\/v2\/posts\/16299"}],"collection":[{"href":"https:\/\/www.messinaoggi.it\/website\/wp-json\/wp\/v2\/posts"}],"about":[{"href":"https:\/\/www.messinaoggi.it\/website\/wp-json\/wp\/v2\/types\/post"}],"author":[{"embeddable":true,"href":"https:\/\/www.messinaoggi.it\/website\/wp-json\/wp\/v2\/users\/2"}],"replies":[{"embeddable":true,"href":"https:\/\/www.messinaoggi.it\/website\/wp-json\/wp\/v2\/comments?post=16299"}],"version-history":[{"count":0,"href":"https:\/\/www.messinaoggi.it\/website\/wp-json\/wp\/v2\/posts\/16299\/revisions"}],"wp:featuredmedia":[{"embeddable":true,"href":"https:\/\/www.messinaoggi.it\/website\/wp-json\/wp\/v2\/media\/16302"}],"wp:attachment":[{"href":"https:\/\/www.messinaoggi.it\/website\/wp-json\/wp\/v2\/media?parent=16299"}],"wp:term":[{"taxonomy":"category","embeddable":true,"href":"https:\/\/www.messinaoggi.it\/website\/wp-json\/wp\/v2\/categories?post=16299"},{"taxonomy":"post_tag","embeddable":true,"href":"https:\/\/www.messinaoggi.it\/website\/wp-json\/wp\/v2\/tags?post=16299"}],"curies":[{"name":"wp","href":"https:\/\/api.w.org\/{rel}","templated":true}]}}