{"id":162959,"date":"2023-07-15T12:20:58","date_gmt":"2023-07-15T10:20:58","guid":{"rendered":"http:\/\/www.messinaoggi.it\/website\/?p=162959"},"modified":"2023-07-15T12:20:59","modified_gmt":"2023-07-15T10:20:59","slug":"no-ponte-rilanciano-con-corteo-e-campeggio","status":"publish","type":"post","link":"https:\/\/www.messinaoggi.it\/website\/2023\/07\/15\/no-ponte-rilanciano-con-corteo-e-campeggio\/","title":{"rendered":"No Ponte rilanciano con corteo e campeggio"},"content":{"rendered":"\n<p>Il Movimento No Ponte rilancia la sua lotta con le iniziative di un corteo e di un campeggio. Ecco cosa si legge in una loro nota:<div id=\"div-gpt-ad-Messinaoggi.it-DSK-300x250-corpoart\" style=\"text-align:center;margin:0 auto;\"><\/div><\/p>\n\n\n\n<p>&#8220;Nelle intenzioni di Matteo Salvini, Pietro Salini (AD di Webuild) e Pietro Ciucci (AD della riesumata s.p.a. Stretto di Messina),\u00a0<strong>quella che stiamo vivendo sar\u00e0 l\u2019ultima estate senza i cantieri<\/strong>\u00a0del ponte sulle due sponde dello Stretto di Messina. Secondo il triste cronoprogramma che stima i tempi del riavvio dell\u2019iter di progettazione e costruzione dell\u2019opera, a luglio 2024 dovrebbero essere messe in moto le ruspe. Si sarebbe quasi tentati di dirsi \u00abGodiamocela, finch\u00e9 \u00e8 possibile\u00bb\u2026<div id=\"videoincontent\" style=\"clear:both\";><\/div><\/p>\n\n\n\n<p><strong>\u2026e invece NO.<\/strong><\/p>\n\n\n\n<p>Noi, le no ponte e i no ponte, i movimenti sociali e ambientalisti, siamo dell\u2019idea che sia proprio questo il tempo di\u00a0<strong>fermare la devastazione<\/strong>\u00a0<strong>delle citt\u00e0 delle Stretto: prima che cominci.<\/strong><\/p>\n\n\n\n<figure class=\"wp-block-gallery columns-1 is-cropped\"><ul class=\"blocks-gallery-grid\"><li class=\"blocks-gallery-item\"><figure><img loading=\"lazy\" width=\"559\" height=\"1024\" src=\"http:\/\/www.messinaoggi.it\/website\/wp-content\/uploads\/2023\/07\/IMG-20230714-WA0053-559x1024.jpg\" alt=\"\" data-id=\"162962\" data-full-url=\"http:\/\/www.messinaoggi.it\/website\/wp-content\/uploads\/2023\/07\/IMG-20230714-WA0053.jpg\" data-link=\"http:\/\/www.messinaoggi.it\/website\/?attachment_id=162962\" class=\"wp-image-162962\" srcset=\"https:\/\/www.messinaoggi.it\/website\/wp-content\/uploads\/2023\/07\/IMG-20230714-WA0053-559x1024.jpg 559w, https:\/\/www.messinaoggi.it\/website\/wp-content\/uploads\/2023\/07\/IMG-20230714-WA0053-164x300.jpg 164w, https:\/\/www.messinaoggi.it\/website\/wp-content\/uploads\/2023\/07\/IMG-20230714-WA0053.jpg 699w\" sizes=\"(max-width: 559px) 100vw, 559px\" \/><\/figure><\/li><\/ul><\/figure>\n\n\n\n<p>La manifestazione del 17 giugno a Torre faro ha dimostrato (anche se non ce n\u2019era bisogno, per chi ha occhi per vedere scevri dalla propaganda) che la costruzione del ponte \u00e8 tutt\u2019altro che avvolta dal consenso.<\/p>\n\n\n\n<p>Migliaia di persone provenienti dalle due sponde dello Stretto, ma anche da altrove, hanno deciso di <em>sacrificare<\/em> \u2013 nel senso pi\u00f9 alto e laico del termine, nel senso di <em>rendere sacro<\/em> \u2013 il loro tempo e le loro energie per <strong>manifestare la volont\u00e0 di<\/strong> <strong>difendere il territorio<\/strong>.<\/p>\n\n\n\n<p>Migliaia di persone sono accorse nel luogo-simbolo della devastazione, dove dovrebbe sorgere il pilone del ponte, e hanno lanciato una prima avvisaglia di resistenza a quello che i sostenitori dell\u2019opera vorrebbero rappresentare come un obbligo (stante la conversione in legge del decreto ponte).<\/p>\n\n\n\n<p>Quella manifestazione ha detto, al contrario, che <strong>nessuna opera \u00e8 legittima se non la legittimano<\/strong> <strong>gli abitanti<\/strong> dello Stretto: i siciliani e i calabresi hanno dato un segnale di chiara avversione all\u2019inizio dei lavori. E non ci sorprende. Nella consapevolezza di gran parte della popolazione, infatti, si \u00e8 consolidata l\u2019opinione che a guadagnarci, in questa operazione, siano solo costruttori, progettisti e politici a favore.<\/p>\n\n\n\n<p>A rimetterci, al contrario, sarebbero i cittadini, che <strong>pagherebbero due volte i lavori del ponte<\/strong>: la prima volta come abitanti, sottoposti a una quotidianit\u00e0 infernale in mezzo ai <strong>cantieri che apriranno da Torre faro a Contesse e oltre<\/strong>, dalla durata imprevedibile se la si commisura con i tempi di realizzazione delle opere pubbliche in Italia e se si tiene conto degli inevitabili imprevisti che implica ogni opera di tale portata; la seconda volta da contribuenti, che si vedrebbero <strong>sottratte risorse pubbliche che andrebbero utilizzate per opere utili al territorio<\/strong> (messa in sicurezza idrogeologica e sismica, potenziamento del servizio sanitario, ammodernamento del sistema viario e dei trasporti nello Stretto, risorse per la scuola e per il welfare, sostegno alle piccole imprese locali, solo per dirne qualcuna).<\/p>\n\n\n\n<p>Il ponte sullo Stretto, d\u2019altronde, \u00e8 espressione di un modello economico e politico che guarda agli ambienti solo come \u2018spazio\u2019 da occupare e da cui trarre profitto. Per questa ragione, mentre chiamiamo le comunit\u00e0 dello Stretto a partecipare alla difesa della vivibilit\u00e0 dei luoghi che abitano, facciamo appello ai movimenti in difesa dei territori, ai comitati di base contro le nocivit\u00e0, a chi si batte contro i processi di militarizzazione, ai movimenti ambientalisti e contro il cambiamento climatico: <strong>scendiamo in piazza insieme, per una lotta comune.<\/strong><\/p>\n\n\n\n<p>Per accogliere chi verr\u00e0 da fuori citt\u00e0 e per ritagliare un momento di riflessione e confronto collettivo, <strong>l\u201911, 12 e 13 agosto \u00e8 stato organizzato un piccolo<\/strong> <strong>campeggio NOponte<\/strong>.<\/p>\n\n\n\n<p>Perch\u00e9 la lotta contro il ponte \u00e8 rabbia contro la devastazione e lo sfruttamento del territorio, \u00e8 ferma volont\u00e0 di impedire la costruzione di un\u2019opera inutile e dannosa, ma \u00e8 anche amore, desiderio, immaginazione, creazione di qualcosa che non c\u2019\u00e8 e potrebbe essere\u2026<\/p>\n\n\n\n<p>\u2026e allora <strong>costruiamo noi, insieme, il nostro presente e il nostro futuro<\/strong>: libero da imposizioni devastanti, libere e liberi di decidere sulle nostre vite, sui territori che abitiamo, sui mondi che sogniamo.<\/p>\n\n\n\n<p>Il\u00a0<strong>12 agosto 2023 alle 18:00 a piazza Cairoli<\/strong>\u00a0(ME), al\u00a0<strong>CORTEO NO PONTE<\/strong>, mescoliamo ancora una volta i nostri desideri, facciamo ancora una volta sentire le nostre voci e tutta l\u2019energia che opponiamo alla devastazione dei territori&#8221;.<\/p>\n","protected":false},"excerpt":{"rendered":"<p>Il Movimento No Ponte rilancia la sua lotta con le iniziative di un corteo e di un campeggio. Ecco cosa si legge in una loro nota: &#8220;Nelle intenzioni di Matteo Salvini, Pietro Salini (AD di Webuild) e Pietro Ciucci (AD della riesumata s.p.a. Stretto di Messina),\u00a0quella che stiamo vivendo sar\u00e0 l\u2019ultima estate senza i cantieri\u00a0del [&hellip;]<\/p>\n","protected":false},"author":15,"featured_media":162961,"comment_status":"open","ping_status":"open","sticky":false,"template":"","format":"standard","meta":{"ub_ctt_via":"","_mi_skip_tracking":false},"categories":[7567],"tags":[6836,2536,623,630,7298],"featured_image_src":"https:\/\/www.messinaoggi.it\/website\/wp-content\/uploads\/2023\/07\/IMG-20230714-WA0071.jpg","author_info":{"display_name":"red.me","author_link":"https:\/\/www.messinaoggi.it\/website\/author\/red-me\/"},"digistream_id":0,"digistream":false,"_links":{"self":[{"href":"https:\/\/www.messinaoggi.it\/website\/wp-json\/wp\/v2\/posts\/162959"}],"collection":[{"href":"https:\/\/www.messinaoggi.it\/website\/wp-json\/wp\/v2\/posts"}],"about":[{"href":"https:\/\/www.messinaoggi.it\/website\/wp-json\/wp\/v2\/types\/post"}],"author":[{"embeddable":true,"href":"https:\/\/www.messinaoggi.it\/website\/wp-json\/wp\/v2\/users\/15"}],"replies":[{"embeddable":true,"href":"https:\/\/www.messinaoggi.it\/website\/wp-json\/wp\/v2\/comments?post=162959"}],"version-history":[{"count":1,"href":"https:\/\/www.messinaoggi.it\/website\/wp-json\/wp\/v2\/posts\/162959\/revisions"}],"predecessor-version":[{"id":162963,"href":"https:\/\/www.messinaoggi.it\/website\/wp-json\/wp\/v2\/posts\/162959\/revisions\/162963"}],"wp:featuredmedia":[{"embeddable":true,"href":"https:\/\/www.messinaoggi.it\/website\/wp-json\/wp\/v2\/media\/162961"}],"wp:attachment":[{"href":"https:\/\/www.messinaoggi.it\/website\/wp-json\/wp\/v2\/media?parent=162959"}],"wp:term":[{"taxonomy":"category","embeddable":true,"href":"https:\/\/www.messinaoggi.it\/website\/wp-json\/wp\/v2\/categories?post=162959"},{"taxonomy":"post_tag","embeddable":true,"href":"https:\/\/www.messinaoggi.it\/website\/wp-json\/wp\/v2\/tags?post=162959"}],"curies":[{"name":"wp","href":"https:\/\/api.w.org\/{rel}","templated":true}]}}