{"id":16283,"date":"2018-03-01T11:09:08","date_gmt":"2018-03-01T10:09:08","guid":{"rendered":"http:\/\/www.messinaoggi.it\/website\/?p=16283"},"modified":"2018-03-01T11:09:08","modified_gmt":"2018-03-01T10:09:08","slug":"potere-al-popolo-casa-citta-vivibili-e-mobilita-siano-diritti-fondamentali","status":"publish","type":"post","link":"https:\/\/www.messinaoggi.it\/website\/2018\/03\/01\/potere-al-popolo-casa-citta-vivibili-e-mobilita-siano-diritti-fondamentali\/","title":{"rendered":"&quot;Potere al popolo&quot;: &quot;Casa, citt\u00e0 vivibili e mobilit\u00e0 siano diritti fondamentali&quot;"},"content":{"rendered":"<div dir=\"auto\">\n<div dir=\"ltr\">\n<div class=\"m_5458506521985736380m_-6706374368176050918gmail-qode-accordion-content m_5458506521985736380m_-6706374368176050918gmail-ui-accordion-content m_5458506521985736380m_-6706374368176050918gmail-ui-helper-reset m_5458506521985736380m_-6706374368176050918gmail-ui-widget-content m_5458506521985736380m_-6706374368176050918gmail-ui-corner-bottom m_5458506521985736380m_-6706374368176050918gmail-ui-accordion-content-active\">\n<div class=\"m_5458506521985736380m_-6706374368176050918gmail-qode-accordion-content-inner\">\n<div class=\"m_5458506521985736380m_-6706374368176050918gmail-wpb_text_column m_5458506521985736380m_-6706374368176050918gmail-wpb_content_element\">\n<div class=\"m_5458506521985736380m_-6706374368176050918gmail-wpb_wrapper\">\n<div class=\"m_5458506521985736380gmail-m_-6706374368176050918gmail-qode-accordion-content m_5458506521985736380gmail-m_-6706374368176050918gmail-ui-accordion-content m_5458506521985736380gmail-m_-6706374368176050918gmail-ui-helper-reset m_5458506521985736380gmail-m_-6706374368176050918gmail-ui-widget-content m_5458506521985736380gmail-m_-6706374368176050918gmail-ui-corner-bottom m_5458506521985736380gmail-m_-6706374368176050918gmail-ui-accordion-content-active\">\n<div class=\"m_5458506521985736380gmail-m_-6706374368176050918gmail-qode-accordion-content-inner\">\n<div class=\"m_5458506521985736380gmail-m_-6706374368176050918gmail-wpb_text_column m_5458506521985736380gmail-m_-6706374368176050918gmail-wpb_content_element\">\nDiritto all&#8217;abitare, alla citt\u00e0 ed alla mobilit\u00e0 sono i cavalli di battaglia di &#8220;Potere al popolo&#8221;: &#8220;In un paese colpito da una crisi decennale, dove le imprese sono dedite alla rapina dei fondi pubblici e all\u2019aumento dello sfruttamento ma ci\u00f2 nonostante non riescono a guadagnare quanto vorrebbero, le case, le citt\u00e0 e i servizi pubblici essenziali diventano sempre pi\u00f9 centrali nella corsa al profitto.<br \/>\nNonostante lo sbandierato tasso di nuclei proprietari, tra i pi\u00f9 alti d\u2019Europa, vediamo sempre pi\u00f9 gente senza casa, sfrattata con la forza, costretta a pagare affitti senza controllo o ad occupare, mettendosi in una situazione di insicurezza e illegalit\u00e0 dovuti solo al bisogno.<br \/>\nVediamo citt\u00e0 sempre meno a misura delle persone, dove i servizi vengono tagliati \u2013 trasporti -, peggiorano in qualit\u00e0 \u2013 igiene pubblica -, costano sempre pi\u00f9 cari \u2013 acqua, elettricit\u00e0, gas. Vediamo centri storici trasformati in vetrine, da cui i poveri e gli indesiderati vengono scacciati col Daspo, e periferie ghetto, private dei servizi essenziali, spesso preda del degrado e della criminalit\u00e0 organizzata.<br \/>\nI servizi pubblici essenziali sono ancora il nuovo terreno di caccia per i profitti: acqua, elettricit\u00e0 e gas costano sempre di pi\u00f9 e non sono garantiti, mentre la mobilit\u00e0 e i trasporti non rispondono pi\u00f9 agli interessi delle classi popolari, ma alle esigenze di guadagno delle grandi imprese. Noi crediamo che la casa, le citt\u00e0 vivibili, la mobilit\u00e0 siano diritti fondamentali&#8221;.\n<\/div>\n<\/div>\n<\/div>\n<\/div>\n<\/div>\n<\/div>\n<\/div>\n<\/div>\n<\/div>\n<div id=\"div-gpt-ad-Messinaoggi.it-DSK-300x250-corpoart\" style=\"text-align:center;margin:0 auto;\"><\/div><\/p><div id=\"videoincontent\" style=\"clear:both\";><\/div>","protected":false},"excerpt":{"rendered":"<p>Diritto all&#8217;abitare, alla citt\u00e0 ed alla mobilit\u00e0 sono i cavalli di battaglia di &#8220;Potere al popolo&#8221;: &#8220;In un paese colpito da una crisi decennale, dove le imprese sono dedite alla rapina dei fondi pubblici e all\u2019aumento dello sfruttamento ma ci\u00f2 nonostante non riescono a guadagnare quanto vorrebbero, le case, le citt\u00e0 e i servizi pubblici [&hellip;]<\/p>\n","protected":false},"author":2,"featured_media":12634,"comment_status":"closed","ping_status":"open","sticky":false,"template":"","format":"standard","meta":{"ub_ctt_via":"","_mi_skip_tracking":false},"categories":[4],"tags":[],"featured_image_src":"https:\/\/www.messinaoggi.it\/website\/wp-content\/uploads\/2017\/12\/diritto-casa.jpg","author_info":{"display_name":"Redazione","author_link":"https:\/\/www.messinaoggi.it\/website\/author\/redazione\/"},"digistream_id":0,"digistream":false,"_links":{"self":[{"href":"https:\/\/www.messinaoggi.it\/website\/wp-json\/wp\/v2\/posts\/16283"}],"collection":[{"href":"https:\/\/www.messinaoggi.it\/website\/wp-json\/wp\/v2\/posts"}],"about":[{"href":"https:\/\/www.messinaoggi.it\/website\/wp-json\/wp\/v2\/types\/post"}],"author":[{"embeddable":true,"href":"https:\/\/www.messinaoggi.it\/website\/wp-json\/wp\/v2\/users\/2"}],"replies":[{"embeddable":true,"href":"https:\/\/www.messinaoggi.it\/website\/wp-json\/wp\/v2\/comments?post=16283"}],"version-history":[{"count":0,"href":"https:\/\/www.messinaoggi.it\/website\/wp-json\/wp\/v2\/posts\/16283\/revisions"}],"wp:featuredmedia":[{"embeddable":true,"href":"https:\/\/www.messinaoggi.it\/website\/wp-json\/wp\/v2\/media\/12634"}],"wp:attachment":[{"href":"https:\/\/www.messinaoggi.it\/website\/wp-json\/wp\/v2\/media?parent=16283"}],"wp:term":[{"taxonomy":"category","embeddable":true,"href":"https:\/\/www.messinaoggi.it\/website\/wp-json\/wp\/v2\/categories?post=16283"},{"taxonomy":"post_tag","embeddable":true,"href":"https:\/\/www.messinaoggi.it\/website\/wp-json\/wp\/v2\/tags?post=16283"}],"curies":[{"name":"wp","href":"https:\/\/api.w.org\/{rel}","templated":true}]}}