{"id":16262,"date":"2018-03-01T06:03:23","date_gmt":"2018-03-01T05:03:23","guid":{"rendered":"http:\/\/www.messinaoggi.it\/website\/?p=16262"},"modified":"2018-03-01T06:03:23","modified_gmt":"2018-03-01T05:03:23","slug":"siracusano-leu-sanita-salvaguardare-i-presidi-di-base","status":"publish","type":"post","link":"https:\/\/www.messinaoggi.it\/website\/2018\/03\/01\/siracusano-leu-sanita-salvaguardare-i-presidi-di-base\/","title":{"rendered":"Siracusano (Leu): &quot;Sanit\u00e0, salvaguardare i presidi di base&quot;"},"content":{"rendered":"<p>\u201cIn occasione della sua visita all\u2019Irccs Bonino Pulejo, l\u2019assessore regionale alla sanit\u00e0 Ruggero Razza ha evidenziato come lo scorso anno la Regione abbia pagato, per la cosiddetta \u2018mobilit\u00e0 passiva\u2019, oltre 237 milioni di euro\u201d. Ad affermarlo \u00e8 il candidato alla Camera dei deputati, Gabriele Siracusano (LeU).<br \/>\n\u201cSi tratta di somme che la Sicilia ha versato ad altre Regioni per prestazioni sanitarie di siciliani che hanno deciso, o sono stati costretti, a curarsi altrove. Le conseguenze della fuga dei pazienti \u2013 aggiunge Siracusano &#8211; vengono pagate dai territori non solo in termini economici, quindi con minori investimenti regionali erogati alle strutture dell\u2019isola, ma anche con la diminuzione di posti letto ed il dimensionamento dei presidi dei piccoli comuni.<br \/>\nUn territorio caratterizzato da molte aree disagiate o isolate come quello della provincia di Messina, gi\u00e0 finito sotto i colpi della scure della Rete ospedaliera varata dall\u2019ex assessore Gucciardi (e per fortuna al momento congelata), rischia di pagare doppiamente le conseguenze di questi continui viaggi della speranza. I costi di chi \u00e8 costretto, soprattutto in campo oncologico, come dimostrano i pi\u00f9 recenti dati, a curarsi in altre strutture al Nord, sono ingenti e non soltanto in termini strettamente economici. Intere famiglie infatti devono \u2018emigrare\u2019 periodicamente per stare accanto ai loro cari durante le sedute di chemioterapia e non \u00e8 pensabile che, nel 2018, il sistema sanitario siciliano non riesca a garantire un\u2019assistenza efficace, completa, degna di un Paese civile. I continui tagli alla sanit\u00e0 comporteranno l\u2019aumento della mobilit\u00e0 passiva ed il depauperamento definitivo dei preziosi presidi di base nonch\u00e9 un progressivo smantellamento di alcune eccellenze, come quelle che vi sono al Papardo.<br \/>\nIn questo momento la priorit\u00e0 assoluta, che deve vedere tutta la classe politica impegnata in questa battaglia, \u00e8 il mantenimento di tutti i presidi di base, i PTE che sono a rischio nelle localit\u00e0 pi\u00f9 disagiate, i Pronto soccorso che rappresentano il cuore dell\u2019emergenza-urgenza. In questo quadro non sar\u00e0 inoltre consentito che vengano ridotte le Ambulanze medicalizzate. Privare i mezzi della presenza di un medico a bordo equivale a mettere a repentaglio la vita stessa dei pazienti.\u201d<div id=\"div-gpt-ad-Messinaoggi.it-DSK-300x250-corpoart\" style=\"text-align:center;margin:0 auto;\"><\/div><\/p>\n<div id=\"videoincontent\" style=\"clear:both\";><\/div>","protected":false},"excerpt":{"rendered":"<p>\u201cIn occasione della sua visita all\u2019Irccs Bonino Pulejo, l\u2019assessore regionale alla sanit\u00e0 Ruggero Razza ha evidenziato come lo scorso anno la Regione abbia pagato, per la cosiddetta \u2018mobilit\u00e0 passiva\u2019, oltre 237 milioni di euro\u201d. Ad affermarlo \u00e8 il candidato alla Camera dei deputati, Gabriele Siracusano (LeU). \u201cSi tratta di somme che la Sicilia ha versato [&hellip;]<\/p>\n","protected":false},"author":2,"featured_media":0,"comment_status":"closed","ping_status":"open","sticky":false,"template":"","format":"standard","meta":{"ub_ctt_via":"","_mi_skip_tracking":false},"categories":[4],"tags":[],"featured_image_src":null,"author_info":{"display_name":"Redazione","author_link":"https:\/\/www.messinaoggi.it\/website\/author\/redazione\/"},"digistream_id":0,"digistream":false,"_links":{"self":[{"href":"https:\/\/www.messinaoggi.it\/website\/wp-json\/wp\/v2\/posts\/16262"}],"collection":[{"href":"https:\/\/www.messinaoggi.it\/website\/wp-json\/wp\/v2\/posts"}],"about":[{"href":"https:\/\/www.messinaoggi.it\/website\/wp-json\/wp\/v2\/types\/post"}],"author":[{"embeddable":true,"href":"https:\/\/www.messinaoggi.it\/website\/wp-json\/wp\/v2\/users\/2"}],"replies":[{"embeddable":true,"href":"https:\/\/www.messinaoggi.it\/website\/wp-json\/wp\/v2\/comments?post=16262"}],"version-history":[{"count":0,"href":"https:\/\/www.messinaoggi.it\/website\/wp-json\/wp\/v2\/posts\/16262\/revisions"}],"wp:attachment":[{"href":"https:\/\/www.messinaoggi.it\/website\/wp-json\/wp\/v2\/media?parent=16262"}],"wp:term":[{"taxonomy":"category","embeddable":true,"href":"https:\/\/www.messinaoggi.it\/website\/wp-json\/wp\/v2\/categories?post=16262"},{"taxonomy":"post_tag","embeddable":true,"href":"https:\/\/www.messinaoggi.it\/website\/wp-json\/wp\/v2\/tags?post=16262"}],"curies":[{"name":"wp","href":"https:\/\/api.w.org\/{rel}","templated":true}]}}